{"id":75051,"date":"2018-12-01T17:05:47","date_gmt":"2018-12-01T20:05:47","guid":{"rendered":"http:\/\/www.caririemacao.com\/1\/?p=75051"},"modified":"2018-12-01T17:05:47","modified_gmt":"2018-12-01T20:05:47","slug":"bolsonaro-nao-repassara-recursos-de-multas-ambientais-para-ongs","status":"publish","type":"post","link":"https:\/\/www.caririemacao.com\/1\/2018\/12\/01\/bolsonaro-nao-repassara-recursos-de-multas-ambientais-para-ongs\/","title":{"rendered":"Bolsonaro n\u00e3o repassar\u00e1 recursos de multas ambientais para ONGs"},"content":{"rendered":"<p>O presidente eleito, Jair Bolsonaro (PSL), criticou\u00a0hoje\u00a0(30) parte da comunidade de ambientalistas, acusando-a de achar que \u00e9 dona do meio ambiente. Ele tamb\u00e9m afirmou que a decis\u00e3o sobre quem ser\u00e1 o futuro ministro do Meio Ambiente ainda n\u00e3o foi tomada e h\u00e1 \u201cmeia d\u00fazia\u201d de nomes sendo avaliados.O presidente eleito disse que o futuro ministro\u00a0ter\u00e1 de ser afinado com o Minist\u00e9rio da Agricultura e\u00a0 estar disposto a enfrentar o que voltou a chamar de \u201cind\u00fastria da multa\u201d . \u201cQuero preservar, mas n\u00e3o dessa forma que v\u00eam fazendo nos \u00faltimos anos. Dessas multas no campo, 40% vai para ONG. Isso vai deixar de existir\u201d.<\/p>\n<p>As declara\u00e7\u00f5es foram concedidas em Resende (RJ) em um\u00a0food truck\u00a0de cachorro quente que Bolsonaro costuma visitar sempre que est\u00e1 na cidade.<\/p>\n<p>Ele viajou ao munic\u00edpio fluminense para acompanhar a formatura de aspirantes a oficial na Academia Militar das Agulhas Negras (Aman), cerim\u00f4nia que acontece amanh\u00e3 (1\u00ba). Bolsonaro se formou nesta institui\u00e7\u00e3o em 1977, h\u00e1 41 anos.<\/p>\n","protected":false},"excerpt":{"rendered":"<p>O presidente eleito, Jair Bolsonaro (PSL), criticou\u00a0hoje\u00a0(30) parte da comunidade de ambientalistas, acusando-a de achar que \u00e9 dona do meio ambiente. Ele tamb\u00e9m afirmou que&hellip; <\/p>\n","protected":false},"author":1,"featured_media":69526,"comment_status":"closed","ping_status":"closed","sticky":false,"template":"","format":"standard","meta":{"sfsi_plus_gutenberg_text_before_share":"","sfsi_plus_gutenberg_show_text_before_share":"","sfsi_plus_gutenberg_icon_type":"","sfsi_plus_gutenberg_icon_alignemt":"","sfsi_plus_gutenburg_max_per_row":"","footnotes":""},"categories":[11],"tags":[],"class_list":["post-75051","post","type-post","status-publish","format-standard","has-post-thumbnail","hentry","category-politica"],"_links":{"self":[{"href":"https:\/\/www.caririemacao.com\/1\/wp-json\/wp\/v2\/posts\/75051","targetHints":{"allow":["GET"]}}],"collection":[{"href":"https:\/\/www.caririemacao.com\/1\/wp-json\/wp\/v2\/posts"}],"about":[{"href":"https:\/\/www.caririemacao.com\/1\/wp-json\/wp\/v2\/types\/post"}],"author":[{"embeddable":true,"href":"https:\/\/www.caririemacao.com\/1\/wp-json\/wp\/v2\/users\/1"}],"replies":[{"embeddable":true,"href":"https:\/\/www.caririemacao.com\/1\/wp-json\/wp\/v2\/comments?post=75051"}],"version-history":[{"count":1,"href":"https:\/\/www.caririemacao.com\/1\/wp-json\/wp\/v2\/posts\/75051\/revisions"}],"predecessor-version":[{"id":75054,"href":"https:\/\/www.caririemacao.com\/1\/wp-json\/wp\/v2\/posts\/75051\/revisions\/75054"}],"wp:featuredmedia":[{"embeddable":true,"href":"https:\/\/www.caririemacao.com\/1\/wp-json\/wp\/v2\/media\/69526"}],"wp:attachment":[{"href":"https:\/\/www.caririemacao.com\/1\/wp-json\/wp\/v2\/media?parent=75051"}],"wp:term":[{"taxonomy":"category","embeddable":true,"href":"https:\/\/www.caririemacao.com\/1\/wp-json\/wp\/v2\/categories?post=75051"},{"taxonomy":"post_tag","embeddable":true,"href":"https:\/\/www.caririemacao.com\/1\/wp-json\/wp\/v2\/tags?post=75051"}],"curies":[{"name":"wp","href":"https:\/\/api.w.org\/{rel}","templated":true}]}}