{"id":75053,"date":"2018-12-01T17:10:10","date_gmt":"2018-12-01T20:10:10","guid":{"rendered":"http:\/\/www.caririemacao.com\/1\/?p=75053"},"modified":"2018-12-01T17:10:10","modified_gmt":"2018-12-01T20:10:10","slug":"decreto-altera-regras-para-extincao-de-estatais-federais","status":"publish","type":"post","link":"https:\/\/www.caririemacao.com\/1\/2018\/12\/01\/decreto-altera-regras-para-extincao-de-estatais-federais\/","title":{"rendered":"Decreto altera regras para extin\u00e7\u00e3o de estatais federais"},"content":{"rendered":"<div class=\"noticiacorpo\">\n<p>Decreto assinado pelo presidente Michel Temer e publicado no\u00a0Di\u00e1rio Oficial da Uni\u00e3o\u00a0confere ao Minist\u00e9rio do Planejamento, Desenvolvimento e Gest\u00e3o o acompanhamento e a ado\u00e7\u00e3o de medidas necess\u00e1rias para liquidar empresas estatais federais controladas diretamente pela Uni\u00e3o.<\/p>\n<p>De acordo com o\u00a0texto, publicado ontem (30), compete \u00e0 essa pasta, ao Minist\u00e9rio da Fazenda e ao minist\u00e9rio setorial ao qual a empresa for vinculada propor ao Conselho do Programa de Parcerias de Investimentos (CPPI) a inclus\u00e3o de empresas desse tipo no Programa Nacional de Desestatiza\u00e7\u00e3o (PND).<\/p>\n<p>A proposi\u00e7\u00e3o ser\u00e1 acompanhada dos estudos que a embasaram, al\u00e9m da justificativa para a liquida\u00e7\u00e3o. J\u00e1 a resolu\u00e7\u00e3o do CPPI sobre a proposta precisar\u00e1 ser aprovada pelos ministros do Planejamento, Desenvolvimento e Gest\u00e3o, da Fazenda e do minist\u00e9rio setorial.<\/p>\n<p>A inclus\u00e3o da empresa no PND, por sua vez, ser\u00e1 aprovada em ato do presidente da Rep\u00fablica.<\/p>\n<\/div>\n<p class=\"noticia_fonte\" style=\"text-align: right;\"><em><strong>Ag\u00eancia Brasil<\/strong><\/em><\/p>\n","protected":false},"excerpt":{"rendered":"<p>Decreto assinado pelo presidente Michel Temer e publicado no\u00a0Di\u00e1rio Oficial da Uni\u00e3o\u00a0confere ao Minist\u00e9rio do Planejamento, Desenvolvimento e Gest\u00e3o o acompanhamento e a ado\u00e7\u00e3o de&hellip; <\/p>\n","protected":false},"author":1,"featured_media":75058,"comment_status":"closed","ping_status":"closed","sticky":false,"template":"","format":"standard","meta":{"sfsi_plus_gutenberg_text_before_share":"","sfsi_plus_gutenberg_show_text_before_share":"","sfsi_plus_gutenberg_icon_type":"","sfsi_plus_gutenberg_icon_alignemt":"","sfsi_plus_gutenburg_max_per_row":"","footnotes":""},"categories":[11],"tags":[],"class_list":["post-75053","post","type-post","status-publish","format-standard","has-post-thumbnail","hentry","category-politica"],"_links":{"self":[{"href":"https:\/\/www.caririemacao.com\/1\/wp-json\/wp\/v2\/posts\/75053","targetHints":{"allow":["GET"]}}],"collection":[{"href":"https:\/\/www.caririemacao.com\/1\/wp-json\/wp\/v2\/posts"}],"about":[{"href":"https:\/\/www.caririemacao.com\/1\/wp-json\/wp\/v2\/types\/post"}],"author":[{"embeddable":true,"href":"https:\/\/www.caririemacao.com\/1\/wp-json\/wp\/v2\/users\/1"}],"replies":[{"embeddable":true,"href":"https:\/\/www.caririemacao.com\/1\/wp-json\/wp\/v2\/comments?post=75053"}],"version-history":[{"count":1,"href":"https:\/\/www.caririemacao.com\/1\/wp-json\/wp\/v2\/posts\/75053\/revisions"}],"predecessor-version":[{"id":75059,"href":"https:\/\/www.caririemacao.com\/1\/wp-json\/wp\/v2\/posts\/75053\/revisions\/75059"}],"wp:featuredmedia":[{"embeddable":true,"href":"https:\/\/www.caririemacao.com\/1\/wp-json\/wp\/v2\/media\/75058"}],"wp:attachment":[{"href":"https:\/\/www.caririemacao.com\/1\/wp-json\/wp\/v2\/media?parent=75053"}],"wp:term":[{"taxonomy":"category","embeddable":true,"href":"https:\/\/www.caririemacao.com\/1\/wp-json\/wp\/v2\/categories?post=75053"},{"taxonomy":"post_tag","embeddable":true,"href":"https:\/\/www.caririemacao.com\/1\/wp-json\/wp\/v2\/tags?post=75053"}],"curies":[{"name":"wp","href":"https:\/\/api.w.org\/{rel}","templated":true}]}}