{"id":75055,"date":"2018-12-01T17:07:50","date_gmt":"2018-12-01T20:07:50","guid":{"rendered":"http:\/\/www.caririemacao.com\/1\/?p=75055"},"modified":"2018-12-01T17:07:50","modified_gmt":"2018-12-01T20:07:50","slug":"ricardo-coutinho-diz-que-tera-papel-de-dar-opinioes-quando-solicitado-no-governo-joao-azevedo","status":"publish","type":"post","link":"https:\/\/www.caririemacao.com\/1\/2018\/12\/01\/ricardo-coutinho-diz-que-tera-papel-de-dar-opinioes-quando-solicitado-no-governo-joao-azevedo\/","title":{"rendered":"Ricardo Coutinho diz que ter\u00e1 papel de &#8220;dar opini\u00f5es quando solicitado&#8221; no governo Jo\u00e3o Azev\u00eado"},"content":{"rendered":"<p>O governador Ricardo Coutinho (PSB) revelou que ter\u00e1 um papel de estar sempre a disposi\u00e7\u00e3o para dar opini\u00f5es no governo Jo\u00e3o Azev\u00eado (PSB). O socialista pontuou que ser\u00e1 uma esp\u00e9cie de \u201cconselheiro\u201d, e que estar\u00e1 sempre a disposi\u00e7\u00e3o quando for solicitado pelo companheiro de partido e sucessor.\u201cO meu papel ser\u00e1 no momento que o governador Jo\u00e3o Azev\u00eado achar que precisa de uma opini\u00e3o, n\u00e3o que ela seja certa ou errada, mas uma opini\u00e3o para que ele possa analisar, como eu tenho para pessoas para que pedir uma opini\u00e3o, eu estarei l\u00e1. Estarei sempre \u00e0 disposi\u00e7\u00e3o dele\u201d, afirmou.<\/p>\n<p>O governador fez quest\u00e3o de reafirmar que n\u00e3o tem nenhuma inten\u00e7\u00e3o de ter cargos no governo de Jo\u00e3o, e destacou que ser\u00e1 apenas um militante pol\u00edtico.\u201cEu sou um militante. Se eu tivesse alguma predile\u00e7\u00e3o por cargos, se eu fizesse qualquer coisa para ter um cargo, se um cargo para mim fosse a coisa mais importante na vida, eu teria sa\u00eddo do governo, teria sido candidato ao Senado e provavelmente teria um mandato. A minha cabe\u00e7a funciona diferente dessa cabe\u00e7a tradicional e eu cumprirei o papel de militante pol\u00edtico, seria hipocrisia de minha parte se eu desconsiderasse o meu peso\u201d, finalizou.<\/p>\n<p>&nbsp;<\/p>\n<p>BLOG DO GORDINHO<\/p>\n","protected":false},"excerpt":{"rendered":"<p>O governador Ricardo Coutinho (PSB) revelou que ter\u00e1 um papel de estar sempre a disposi\u00e7\u00e3o para dar opini\u00f5es no governo Jo\u00e3o Azev\u00eado (PSB). O socialista&hellip; <\/p>\n","protected":false},"author":1,"featured_media":71370,"comment_status":"closed","ping_status":"closed","sticky":false,"template":"","format":"standard","meta":{"sfsi_plus_gutenberg_text_before_share":"","sfsi_plus_gutenberg_show_text_before_share":"","sfsi_plus_gutenberg_icon_type":"","sfsi_plus_gutenberg_icon_alignemt":"","sfsi_plus_gutenburg_max_per_row":"","footnotes":""},"categories":[50,11],"tags":[],"class_list":["post-75055","post","type-post","status-publish","format-standard","has-post-thumbnail","hentry","category-destaque","category-politica"],"_links":{"self":[{"href":"https:\/\/www.caririemacao.com\/1\/wp-json\/wp\/v2\/posts\/75055","targetHints":{"allow":["GET"]}}],"collection":[{"href":"https:\/\/www.caririemacao.com\/1\/wp-json\/wp\/v2\/posts"}],"about":[{"href":"https:\/\/www.caririemacao.com\/1\/wp-json\/wp\/v2\/types\/post"}],"author":[{"embeddable":true,"href":"https:\/\/www.caririemacao.com\/1\/wp-json\/wp\/v2\/users\/1"}],"replies":[{"embeddable":true,"href":"https:\/\/www.caririemacao.com\/1\/wp-json\/wp\/v2\/comments?post=75055"}],"version-history":[{"count":1,"href":"https:\/\/www.caririemacao.com\/1\/wp-json\/wp\/v2\/posts\/75055\/revisions"}],"predecessor-version":[{"id":75056,"href":"https:\/\/www.caririemacao.com\/1\/wp-json\/wp\/v2\/posts\/75055\/revisions\/75056"}],"wp:featuredmedia":[{"embeddable":true,"href":"https:\/\/www.caririemacao.com\/1\/wp-json\/wp\/v2\/media\/71370"}],"wp:attachment":[{"href":"https:\/\/www.caririemacao.com\/1\/wp-json\/wp\/v2\/media?parent=75055"}],"wp:term":[{"taxonomy":"category","embeddable":true,"href":"https:\/\/www.caririemacao.com\/1\/wp-json\/wp\/v2\/categories?post=75055"},{"taxonomy":"post_tag","embeddable":true,"href":"https:\/\/www.caririemacao.com\/1\/wp-json\/wp\/v2\/tags?post=75055"}],"curies":[{"name":"wp","href":"https:\/\/api.w.org\/{rel}","templated":true}]}}