{"id":75065,"date":"2018-12-01T17:39:43","date_gmt":"2018-12-01T20:39:43","guid":{"rendered":"http:\/\/www.caririemacao.com\/1\/?p=75065"},"modified":"2018-12-01T17:39:43","modified_gmt":"2018-12-01T20:39:43","slug":"campinense-anuncia-mais-um-reforco-para-temporada-2019","status":"publish","type":"post","link":"https:\/\/www.caririemacao.com\/1\/2018\/12\/01\/campinense-anuncia-mais-um-reforco-para-temporada-2019\/","title":{"rendered":"Campinense anuncia mais um refor\u00e7o para temporada 2019"},"content":{"rendered":"<p>O Campinense segue se refor\u00e7ando para a temporada 2019. Neste s\u00e1bado, a dire\u00e7\u00e3o de futebol do clube confirmou a contrata\u00e7\u00e3o de mais um jogador. Trata-se do lateral-esquerdo James, de 23 anos.<\/p>\n<p>O jogador estava no Sampaio Correa-MA, onde conquistou o t\u00edtulo da Copa do Nordeste 2018.\u00a0James tamb\u00e9m acumula passagens por Bragantino-SP, Inter de Lagis-RS e Boa Esporte-MG.<\/p>\n<p>O atleta deve inciar a pr\u00e9-temporada com o elenco na pr\u00f3xima segunda-feira.\u00a0Em 2019, a Raposa ir\u00e1 disputar o Paraibano, Copa do Brasil e S\u00e9rie D do Brasileiro.<\/p>\n<p>&nbsp;<\/p>\n<p>PARA\u00cdBA ONLINEE<\/p>\n","protected":false},"excerpt":{"rendered":"<p>O Campinense segue se refor\u00e7ando para a temporada 2019. Neste s\u00e1bado, a dire\u00e7\u00e3o de futebol do clube confirmou a contrata\u00e7\u00e3o de mais um jogador. Trata-se&hellip; <\/p>\n","protected":false},"author":1,"featured_media":75066,"comment_status":"closed","ping_status":"closed","sticky":false,"template":"","format":"standard","meta":{"sfsi_plus_gutenberg_text_before_share":"","sfsi_plus_gutenberg_show_text_before_share":"","sfsi_plus_gutenberg_icon_type":"","sfsi_plus_gutenberg_icon_alignemt":"","sfsi_plus_gutenburg_max_per_row":"","footnotes":""},"categories":[13],"tags":[],"class_list":["post-75065","post","type-post","status-publish","format-standard","has-post-thumbnail","hentry","category-esportes"],"_links":{"self":[{"href":"https:\/\/www.caririemacao.com\/1\/wp-json\/wp\/v2\/posts\/75065","targetHints":{"allow":["GET"]}}],"collection":[{"href":"https:\/\/www.caririemacao.com\/1\/wp-json\/wp\/v2\/posts"}],"about":[{"href":"https:\/\/www.caririemacao.com\/1\/wp-json\/wp\/v2\/types\/post"}],"author":[{"embeddable":true,"href":"https:\/\/www.caririemacao.com\/1\/wp-json\/wp\/v2\/users\/1"}],"replies":[{"embeddable":true,"href":"https:\/\/www.caririemacao.com\/1\/wp-json\/wp\/v2\/comments?post=75065"}],"version-history":[{"count":1,"href":"https:\/\/www.caririemacao.com\/1\/wp-json\/wp\/v2\/posts\/75065\/revisions"}],"predecessor-version":[{"id":75077,"href":"https:\/\/www.caririemacao.com\/1\/wp-json\/wp\/v2\/posts\/75065\/revisions\/75077"}],"wp:featuredmedia":[{"embeddable":true,"href":"https:\/\/www.caririemacao.com\/1\/wp-json\/wp\/v2\/media\/75066"}],"wp:attachment":[{"href":"https:\/\/www.caririemacao.com\/1\/wp-json\/wp\/v2\/media?parent=75065"}],"wp:term":[{"taxonomy":"category","embeddable":true,"href":"https:\/\/www.caririemacao.com\/1\/wp-json\/wp\/v2\/categories?post=75065"},{"taxonomy":"post_tag","embeddable":true,"href":"https:\/\/www.caririemacao.com\/1\/wp-json\/wp\/v2\/tags?post=75065"}],"curies":[{"name":"wp","href":"https:\/\/api.w.org\/{rel}","templated":true}]}}