{"id":75085,"date":"2018-12-01T22:49:40","date_gmt":"2018-12-02T01:49:40","guid":{"rendered":"http:\/\/www.caririemacao.com\/1\/?p=75085"},"modified":"2018-12-01T22:49:40","modified_gmt":"2018-12-02T01:49:40","slug":"hoteis-do-moda-center-chegam-a-100-de-ocupacao","status":"publish","type":"post","link":"https:\/\/www.caririemacao.com\/1\/2018\/12\/01\/hoteis-do-moda-center-chegam-a-100-de-ocupacao\/","title":{"rendered":"Hot\u00e9is do Moda Center chegam a 100% de ocupa\u00e7\u00e3o"},"content":{"rendered":"<p style=\"font-weight: 400;\">A primeira feira do m\u00eas de dezembro, no Moda Center Santa Cruz, promete um p\u00fablico de mais de 150 mil pessoas nos pr\u00f3ximos dias 1\u00ba, 2 e 3 (s\u00e1bado, domingo e segunda). Quem conseguiu reservar apartamento em um dos hot\u00e9is localizados na \u00e1rea do centro de compras pode comemorar. \u00c9 que a maioria j\u00e1 est\u00e1 com 100% das vagas ocupadas para esse per\u00edodo. A rede hoteleira do Moda Center possui 19 hot\u00e9is com aproximadamente 2.500 leitos no total.<\/p>\n<p style=\"font-weight: 400;\">\u201cN\u00f3s trabalhamos muito forte ao longo do ano, e esse \u00e9 o momento de colher os frutos dos nossos esfor\u00e7os\u201d, comemora o s\u00edndico Jos\u00e9 Gomes Filho. Estima-se que mais de 150 mil pessoas passem pelo Moda Center nesse final de semana.<\/p>\n<p style=\"font-weight: 400;\">At\u00e9 o dia 23 de dezembro, as feiras no Moda Center Santa Cruz acontecem aos s\u00e1bados (das 8h \u00e0s 18h) e aos domingos e segundas (das 6h \u00e0s 18h).<\/p>\n","protected":false},"excerpt":{"rendered":"<p>A primeira feira do m\u00eas de dezembro, no Moda Center Santa Cruz, promete um p\u00fablico de mais de 150 mil pessoas nos pr\u00f3ximos dias 1\u00ba,&hellip; <\/p>\n","protected":false},"author":1,"featured_media":75087,"comment_status":"closed","ping_status":"closed","sticky":false,"template":"","format":"standard","meta":{"sfsi_plus_gutenberg_text_before_share":"","sfsi_plus_gutenberg_show_text_before_share":"","sfsi_plus_gutenberg_icon_type":"","sfsi_plus_gutenberg_icon_alignemt":"","sfsi_plus_gutenburg_max_per_row":"","footnotes":""},"categories":[50,2],"tags":[],"class_list":["post-75085","post","type-post","status-publish","format-standard","has-post-thumbnail","hentry","category-destaque","category-geral"],"_links":{"self":[{"href":"https:\/\/www.caririemacao.com\/1\/wp-json\/wp\/v2\/posts\/75085","targetHints":{"allow":["GET"]}}],"collection":[{"href":"https:\/\/www.caririemacao.com\/1\/wp-json\/wp\/v2\/posts"}],"about":[{"href":"https:\/\/www.caririemacao.com\/1\/wp-json\/wp\/v2\/types\/post"}],"author":[{"embeddable":true,"href":"https:\/\/www.caririemacao.com\/1\/wp-json\/wp\/v2\/users\/1"}],"replies":[{"embeddable":true,"href":"https:\/\/www.caririemacao.com\/1\/wp-json\/wp\/v2\/comments?post=75085"}],"version-history":[{"count":1,"href":"https:\/\/www.caririemacao.com\/1\/wp-json\/wp\/v2\/posts\/75085\/revisions"}],"predecessor-version":[{"id":75088,"href":"https:\/\/www.caririemacao.com\/1\/wp-json\/wp\/v2\/posts\/75085\/revisions\/75088"}],"wp:featuredmedia":[{"embeddable":true,"href":"https:\/\/www.caririemacao.com\/1\/wp-json\/wp\/v2\/media\/75087"}],"wp:attachment":[{"href":"https:\/\/www.caririemacao.com\/1\/wp-json\/wp\/v2\/media?parent=75085"}],"wp:term":[{"taxonomy":"category","embeddable":true,"href":"https:\/\/www.caririemacao.com\/1\/wp-json\/wp\/v2\/categories?post=75085"},{"taxonomy":"post_tag","embeddable":true,"href":"https:\/\/www.caririemacao.com\/1\/wp-json\/wp\/v2\/tags?post=75085"}],"curies":[{"name":"wp","href":"https:\/\/api.w.org\/{rel}","templated":true}]}}