{"id":75093,"date":"2018-12-02T06:50:56","date_gmt":"2018-12-02T09:50:56","guid":{"rendered":"http:\/\/www.caririemacao.com\/1\/?p=75093"},"modified":"2018-12-02T06:50:56","modified_gmt":"2018-12-02T09:50:56","slug":"galo-bate-o-botafogo-e-confirma-vaga-na-libertadores","status":"publish","type":"post","link":"https:\/\/www.caririemacao.com\/1\/2018\/12\/02\/galo-bate-o-botafogo-e-confirma-vaga-na-libertadores\/","title":{"rendered":"Galo bate o Botafogo e confirma vaga na Libertadores"},"content":{"rendered":"<p class=\"selectionShareable\">Foi com a cara do Atl\u00e9tico. Poderia ser mais f\u00e1cil, a equipe teve chances de marcar, mas n\u00e3o conseguiu e deixou a situa\u00e7\u00e3o muito tensa. Mas no fim, com um placar magro, apenas 1 a 0, o Galo venceu o Botafogo, e garantiu sua vaga na Copa Libertadores em 2019.<\/p>\n<p class=\"selectionShareable\">A equipe que mais ficou na sexta coloca\u00e7\u00e3o neste torneio, garantiu justamente a \u00faltima vaga na Libertadores na pr\u00f3xima temporada. O Galo chegou aos 59 pontos. O duelo no Rio de Janeiro tamb\u00e9m era movimentado e o Atl\u00e9tico-PR conseguiu um bom resultado, chegando a 57 tentos. A equipe paranaense pode chegar ao torneio pela Copa Sul-Americana.<\/p>\n<p class=\"selectionShareable\">A vit\u00f3ria atleticana foi constru\u00edda no primeiro tempo, com gol de Cazares aproveitando cruzamento de Emerson. O Galo ainda teve chances, mas n\u00e3o conseguiu. Na etapa complementar, o Botafogo ficou pr\u00f3ximo de empatar, mas n\u00e3o conseguiu.<\/p>\n<p class=\"selectionShareable\">A equipe mineira entra de f\u00e9rias agora e volta as atividades no dia 3 de janeiro, na Cidade do Galo.<\/p>\n<p class=\"selectionShareable\"><strong>Primeiro tempo<\/strong><\/p>\n<p class=\"selectionShareable\">Aos 3 minutos o Galo chegou com bastante perigo. Ap\u00f3s cobran\u00e7a de escanteio, o Botafogo se salvou duas vezes em cima da linha.<\/p>\n<p class=\"selectionShareable\">O confronto, no entanto, ficou bastante travado no meio campo. Isso porque o Botafogo n\u00e3o chegava com qualidade e o Galo tinha problemas para na sa\u00edda de jogo, n\u00e3o conseguindo fazer a situa\u00e7\u00e3o de jogo de forma organizada.<\/p>\n<p class=\"selectionShareable\">Aos 17 o Galo inaugurou o marcador. Em \u00f3tima jogada pela direita, do lateral-direito Emerson, o cruzamento na linha de fundo encontrou Cazares, na \u00e1rea, para mandar para o fundo das redes.<\/p>\n<div id=\"attachment_532803\" class=\"wp-caption aligncenter\"><img decoding=\"async\" class=\"wp-image-532803 size-medium lazyload\" data-src=\"https:\/\/paraibaonline.com.br\/wp-content\/uploads\/2018\/12\/ATLETICO-1-567x331.jpg\" data-srcset=\"https:\/\/paraibaonline.com.br\/wp-content\/uploads\/2018\/12\/ATLETICO-1-567x331.jpg 567w, https:\/\/paraibaonline.com.br\/wp-content\/uploads\/2018\/12\/ATLETICO-1.jpg 800w\" alt=\"Foto: Divulga\u00e7\u00e3o\/CAM)\" src=\"data:image\/svg+xml;base64,PHN2ZyB3aWR0aD0iMSIgaGVpZ2h0PSIxIiB4bWxucz0iaHR0cDovL3d3dy53My5vcmcvMjAwMC9zdmciPjwvc3ZnPg==\" style=\"--smush-placeholder-width: 567px; --smush-placeholder-aspect-ratio: 567\/331;\" \/><\/p>\n<p class=\"wp-caption-text\">Foto: Divulga\u00e7\u00e3o\/CAM)<\/p>\n<\/div>\n<p class=\"selectionShareable\">Ap\u00f3s o gol, o Botafogo tentou buscar mais o jogo, mas n\u00e3o tinha qualidade suficiente para entrar trocando passes, e abusava dos cruzamentos na \u00e1rea. O Galo tinha mais tranquilidade, afinal de contas, o resultado j\u00e1 era favor\u00e1vel.<\/p>\n<p class=\"selectionShareable\">Aos 24 minutos no Independ\u00eancia, a torcida fez festa por um acontecimento no Rio de Janeiro. O Flamengo marcou com Rodopho, tento que atrapalha o Atl\u00e9tico-PR.<\/p>\n<p class=\"selectionShareable\">Aos 31 o Galo voltou a chegar com perigo. Em jogada na esquerda, Char\u00e1 cruzou para Ricardo Oliveira e a bola saiu pela linha de fundo.<\/p>\n<p class=\"selectionShareable\">O Atl\u00e9tico-MG passou a jogar nos contra-ataques. O Botafogo, sem nada a perder, buscou o ataque querendo o empate. O Galo passou a apostar nos contra-ataques. A melhor chance nesta situa\u00e7\u00e3o ocorreu aos 48: em cruzamento de Luan, Char\u00e1 aproveitou a chance na \u00e1rea, mas mandou pra fora.<\/p>\n<p class=\"selectionShareable\"><strong>Segundo tempo<\/strong><\/p>\n<p class=\"selectionShareable\">A etapa complementar voltou mais lenta. O Galo tinha dificuldades para criar, e chegava menos. Isso era explicado, em alguns momentos, pela aus\u00eancia de homens no ataque.<\/p>\n<p class=\"selectionShareable\">A partida passou a ficar perigosa para o Galo. A equipe demostrava uma ansiedade \u2013 at\u00e9 certo ponto desnecess\u00e1ria \u2013 e o Atl\u00e9tico-PR virou o jogo no Rio de Janeiro. Ou seja: a vit\u00f3ria era de grande necessidade.<\/p>\n<p class=\"selectionShareable\">O t\u00e9cnico Levir Culpi tirou Elias e colocou Jos\u00e9 Welison na equipe. O objetivo era deixar a equipe mais confi\u00e1vel defensivamente, algo que n\u00e3o aconteceu. O Galo corria riscos e n\u00e3o conseguia agredir mais.<\/p>\n<p class=\"selectionShareable\">O Atl\u00e9tico passou a ser duramente amea\u00e7ado ap\u00f3s os 30 minutos e o Botafogo teve claras chances de empatar. A principal nos \u00faltimos minutos e a bola saiu ap\u00f3s tirar tinta da trave.<\/p>\n<p class=\"selectionShareable\"><strong>FICHA T\u00c9CNICA<\/strong><br \/>\n<strong>ATL\u00c9TICO-MG 1 X 0 BOTAFOGO<\/strong><\/p>\n<p class=\"selectionShareable\"><strong>Local<\/strong>: Arena Independ\u00eancia, em Belo Horizonte (MG)<br \/>\n<strong>Data<\/strong>: 1 de dezembro de 2018 (S\u00e1bado)<br \/>\n<strong>Hor\u00e1rio<\/strong>: 19h (de Bras\u00edlia)<br \/>\n<strong>\u00c1rbitro<\/strong>: Braulio da Silva Machado (SC)<br \/>\n<strong>Assistentes<\/strong>: Kl\u00e9ber Lucio Gil (Fifa-SC) e Neuza Ines Back (Fifa-SC)<\/p>\n<p class=\"selectionShareable\"><strong>Gols<\/strong>: Cazares, aos 17 minutos do primeiro tempo (Atl\u00e9tico)<br \/>\n<strong>Cart\u00f5es<\/strong>: Emerson, Leonardo, Elias (Atl\u00e9tico); Yuri (Botafogo)<\/p>\n<p class=\"selectionShareable\"><strong>ATL\u00c9TICO-MG<\/strong>: Victor; Emerson, L\u00e9o Silva (Gabriel), Iago Maidana e F\u00e1bio Santos; Adilson, Elias (Jos\u00e9 Welison) e Cazares; Luan, Char\u00e1 e Ricardo Oliveira (David Terans)<br \/>\n<strong>T\u00e9cnico<\/strong>: Levir Culpi<\/p>\n<p class=\"selectionShareable\"><strong>BOTAFOGO<\/strong>: Gatito Fern\u00e1ndez, Marcinho, Marcelo Benevenuto, Igor Rabello e Mois\u00e9s; Matheus Fernandes, Gustavo Bocheca (Jo\u00e3o Paulo); Yuri (Ezequiel), Marcos Vin\u00edcius (Leandrinho); Rodrigo Pimp\u00e3o e Kieza<br \/>\n<strong>T\u00e9cnico<\/strong>: Z\u00e9 Ricardo<\/p>\n<p>&nbsp;<\/p>\n<p>Gazeta.net<\/p>\n","protected":false},"excerpt":{"rendered":"<p>Foi com a cara do Atl\u00e9tico. Poderia ser mais f\u00e1cil, a equipe teve chances de marcar, mas n\u00e3o conseguiu e deixou a situa\u00e7\u00e3o muito tensa.&hellip; <\/p>\n","protected":false},"author":1,"featured_media":75094,"comment_status":"closed","ping_status":"closed","sticky":false,"template":"","format":"standard","meta":{"sfsi_plus_gutenberg_text_before_share":"","sfsi_plus_gutenberg_show_text_before_share":"","sfsi_plus_gutenberg_icon_type":"","sfsi_plus_gutenberg_icon_alignemt":"","sfsi_plus_gutenburg_max_per_row":"","footnotes":""},"categories":[13],"tags":[],"class_list":["post-75093","post","type-post","status-publish","format-standard","has-post-thumbnail","hentry","category-esportes"],"_links":{"self":[{"href":"https:\/\/www.caririemacao.com\/1\/wp-json\/wp\/v2\/posts\/75093","targetHints":{"allow":["GET"]}}],"collection":[{"href":"https:\/\/www.caririemacao.com\/1\/wp-json\/wp\/v2\/posts"}],"about":[{"href":"https:\/\/www.caririemacao.com\/1\/wp-json\/wp\/v2\/types\/post"}],"author":[{"embeddable":true,"href":"https:\/\/www.caririemacao.com\/1\/wp-json\/wp\/v2\/users\/1"}],"replies":[{"embeddable":true,"href":"https:\/\/www.caririemacao.com\/1\/wp-json\/wp\/v2\/comments?post=75093"}],"version-history":[{"count":1,"href":"https:\/\/www.caririemacao.com\/1\/wp-json\/wp\/v2\/posts\/75093\/revisions"}],"predecessor-version":[{"id":75095,"href":"https:\/\/www.caririemacao.com\/1\/wp-json\/wp\/v2\/posts\/75093\/revisions\/75095"}],"wp:featuredmedia":[{"embeddable":true,"href":"https:\/\/www.caririemacao.com\/1\/wp-json\/wp\/v2\/media\/75094"}],"wp:attachment":[{"href":"https:\/\/www.caririemacao.com\/1\/wp-json\/wp\/v2\/media?parent=75093"}],"wp:term":[{"taxonomy":"category","embeddable":true,"href":"https:\/\/www.caririemacao.com\/1\/wp-json\/wp\/v2\/categories?post=75093"},{"taxonomy":"post_tag","embeddable":true,"href":"https:\/\/www.caririemacao.com\/1\/wp-json\/wp\/v2\/tags?post=75093"}],"curies":[{"name":"wp","href":"https:\/\/api.w.org\/{rel}","templated":true}]}}