{"id":75099,"date":"2018-12-02T06:56:58","date_gmt":"2018-12-02T09:56:58","guid":{"rendered":"http:\/\/www.caririemacao.com\/1\/?p=75099"},"modified":"2018-12-02T06:56:58","modified_gmt":"2018-12-02T09:56:58","slug":"ebola-congo-tem-380-casos-confirmados-e-248-mortes-2","status":"publish","type":"post","link":"https:\/\/www.caririemacao.com\/1\/2018\/12\/02\/ebola-congo-tem-380-casos-confirmados-e-248-mortes-2\/","title":{"rendered":"Ebola: Congo tem 380 casos confirmados e 248 mortes"},"content":{"rendered":"<p>O n\u00famero de casos de ebola ocorridos na Rep\u00fablica Democr\u00e1tica do Congo chega a 428, sendo 380 confirmados e 48 classificados como prov\u00e1veis. De acordo com boletim epidemiol\u00f3gico divulgado hoje (1\u00ba) pela Organiza\u00e7\u00e3o Mundial da Sa\u00fade (OMS), pelo menos 248 mortes pela doen\u00e7a foram contabilizadas no pa\u00eds africano.<\/p>\n<p>Os n\u00fameros mostram tamb\u00e9m que 66 casos considerados suspeitos est\u00e3o sendo investigados. De acordo com o vice-diretor-geral de Prontid\u00e3o e Emerg\u00eancia da OMS, Peter Salama, este j\u00e1 o segundo maior surto de ebola registrado na hist\u00f3ria, com muitas fam\u00edlias perdendo entes queridos.<\/p>\n<p>\u201cA OMS e seus parceiros seguir\u00e3o trabalhando junto ao Minist\u00e9rio da Sa\u00fade da Rep\u00fablica Democr\u00e1tica do Congo e far\u00e3o o que for necess\u00e1rio para p\u00f4r um fim a esse surto\u201d, disse.<\/p>\n<p><strong>Hist\u00f3ria<\/strong><\/p>\n<p>O surto de ebola mais devastador em n\u00edvel global foi declarado em mar\u00e7o de 2014, com casos que remontam a dezembro de 2013, na Guin\u00e9 Conacri. Quase dois anos depois, em janeiro de 2016, a OMS declarou o fim desse surto, na qual morreram 11,3 mil pessoas e mais de 28,5 mil foram infectadas.<\/p>\n<p><strong>A doen\u00e7a<\/strong><\/p>\n<p>O v\u00edrus ebola \u00e9 transmitido por meio do contato direto com o sangue e os flu\u00eddos corporais de pessoas contaminadas, provoca febre hemorr\u00e1gica e pode alcan\u00e7ar uma taxa de mortalidade de 90% se n\u00e3o for tratado a tempo.<\/p>\n<p>Ag\u00eancia Brasil<\/p>\n","protected":false},"excerpt":{"rendered":"<p>O n\u00famero de casos de ebola ocorridos na Rep\u00fablica Democr\u00e1tica do Congo chega a 428, sendo 380 confirmados e 48 classificados como prov\u00e1veis. De acordo&hellip; <\/p>\n","protected":false},"author":1,"featured_media":75100,"comment_status":"closed","ping_status":"closed","sticky":false,"template":"","format":"standard","meta":{"sfsi_plus_gutenberg_text_before_share":"","sfsi_plus_gutenberg_show_text_before_share":"","sfsi_plus_gutenberg_icon_type":"","sfsi_plus_gutenberg_icon_alignemt":"","sfsi_plus_gutenburg_max_per_row":"","footnotes":""},"categories":[50,2],"tags":[],"class_list":["post-75099","post","type-post","status-publish","format-standard","has-post-thumbnail","hentry","category-destaque","category-geral"],"_links":{"self":[{"href":"https:\/\/www.caririemacao.com\/1\/wp-json\/wp\/v2\/posts\/75099","targetHints":{"allow":["GET"]}}],"collection":[{"href":"https:\/\/www.caririemacao.com\/1\/wp-json\/wp\/v2\/posts"}],"about":[{"href":"https:\/\/www.caririemacao.com\/1\/wp-json\/wp\/v2\/types\/post"}],"author":[{"embeddable":true,"href":"https:\/\/www.caririemacao.com\/1\/wp-json\/wp\/v2\/users\/1"}],"replies":[{"embeddable":true,"href":"https:\/\/www.caririemacao.com\/1\/wp-json\/wp\/v2\/comments?post=75099"}],"version-history":[{"count":1,"href":"https:\/\/www.caririemacao.com\/1\/wp-json\/wp\/v2\/posts\/75099\/revisions"}],"predecessor-version":[{"id":75101,"href":"https:\/\/www.caririemacao.com\/1\/wp-json\/wp\/v2\/posts\/75099\/revisions\/75101"}],"wp:featuredmedia":[{"embeddable":true,"href":"https:\/\/www.caririemacao.com\/1\/wp-json\/wp\/v2\/media\/75100"}],"wp:attachment":[{"href":"https:\/\/www.caririemacao.com\/1\/wp-json\/wp\/v2\/media?parent=75099"}],"wp:term":[{"taxonomy":"category","embeddable":true,"href":"https:\/\/www.caririemacao.com\/1\/wp-json\/wp\/v2\/categories?post=75099"},{"taxonomy":"post_tag","embeddable":true,"href":"https:\/\/www.caririemacao.com\/1\/wp-json\/wp\/v2\/tags?post=75099"}],"curies":[{"name":"wp","href":"https:\/\/api.w.org\/{rel}","templated":true}]}}