{"id":75102,"date":"2018-12-02T07:02:33","date_gmt":"2018-12-02T10:02:33","guid":{"rendered":"http:\/\/www.caririemacao.com\/1\/?p=75102"},"modified":"2018-12-02T07:02:33","modified_gmt":"2018-12-02T10:02:33","slug":"bolsista-egresso-de-unidade-socioeducativa-recebe-premio-jovem-pesquisador-da-ufpb","status":"publish","type":"post","link":"https:\/\/www.caririemacao.com\/1\/2018\/12\/02\/bolsista-egresso-de-unidade-socioeducativa-recebe-premio-jovem-pesquisador-da-ufpb\/","title":{"rendered":"Bolsista egresso de unidade socioeducativa recebe Pr\u00eamio Jovem Pesquisador da UFPB"},"content":{"rendered":"<div class=\"noticiacorpo\">\n<p class=\" \">Ap\u00f3s um ano desenvolvendo atividades de inicia\u00e7\u00e3o cient\u00edfica para jovens e adolescentes no ensino m\u00e9dio, sobre a rela\u00e7\u00e3o entre o trabalho infantil e o ato infracional, o ex-socioeducando Carlos Eduardo Correia de Lima, bolsista do projeto junto aoN\u00facleo de Pesquisas e Estudos sobre o Desenvolvimento da Inf\u00e2ncia e Adolesc\u00eancia (Nupedia), recebeu o Pr\u00eamio Jovem Pesquisador e ter\u00e1 trabalho publicado pela Universidade Federal da Para\u00edba (UFPB).<\/p>\n<p class=\" \">A premia\u00e7\u00e3o aconteceu na manh\u00e3 desta sexta-feira (30), no audit\u00f3rio da Reitoria da UFPB, e contou com a presen\u00e7a daprofessora Maria de F\u00e1tima Pereira Alberto, respons\u00e1vel pelo projeto de inicia\u00e7\u00e3o cient\u00edfica da Universidade Federal da Para\u00edba, que busca formar pesquisadores iniciantes. \u201cNas unidades socioeducativas, estudamos a rela\u00e7\u00e3o entre o trabalho infantil e o ato infracional. Ano passado (2017\/2018), tivemos quatro bolsistas, j\u00e1 este ano, contamos com cinco\u201d, disse a professora.<u><\/u><u><\/u><\/p>\n<p class=\" \">Carlos Eduardo foi acompanhado e orientado pela professora Maria de F\u00e1tima Pereira Alberto em companhia das estudantes de gradua\u00e7\u00e3o em psicologia social: Aila Muniz, Marina \u00c2ngelo Mello, Ana L\u00facia Santos e Fl\u00e1via Cruz e da aluna de p\u00f3s-gradua\u00e7\u00e3o Hanna Dourado. Durante um ano, elas acompanharam o cotidiano das pesquisas dentro das Unidades e orientaram os socioeducandos no desenvolvimento das atividades de pesquisa e extens\u00e3o do N\u00facleo de Pesquisas e Estudos sobre o Desenvolvimento da Inf\u00e2ncia e Adolesc\u00eancia \u2013 Nupedia (Pesquisa e Extens\u00e3o).<u><\/u><u><\/u><\/p>\n<p class=\" \">O projeto foi desenvolvido com 70 socioeducandos da Funda\u00e7\u00e3o Desenvolvimento da Crian\u00e7a e do Adolescente \u201cAlice de Almeida\u201d, sendo que quatro deles foram contemplados com bolsas do Conselho Nacional de Desenvolvimento Cient\u00edfico e Tecnol\u00f3gico (CNPq) e Carlos Eduardo, como obteve a maior nota, conquistou o pr\u00eamio Jovem Pesquisador.<u><\/u><u><\/u><\/p>\n<p class=\" \">\u201cCarlos Eduardo trabalhou, fez a pesquisa l\u00e1 dentro da Unidade, elaborou o texto, apresentou para a equipe examinadora que julga os trabalhos na UFPB e recebeu a melhor nota entre os quatro bolsistas. Hoje, seu trabalho foi reconhecido com certificado e premia\u00e7\u00e3o e, posteriormente, ter\u00e1 seu texto publicado\u201d, relatou a professora Maria de F\u00e1tima Pereira.<u><\/u><u><\/u><\/p>\n<p class=\" \">\u201c\u00c9 uma imensa satisfa\u00e7\u00e3o ver um jovem egresso sendo premiado em um evento como este, pois, enquanto socioeducando,\u00a0Carlos Eduardo consolidou o seu Projeto de Vida, atrav\u00e9s deste projeto de pesquisa. Com isso, a Fundac, em especial, o Servi\u00e7o de Acompanhamento ao Adolescente\/Jovem Egresso, sentimo-nos honrados por prestigiar este momento\u201d, falou a coordenadora do eixo, Celyane Souza dos Santos, parabenizando, ainda, o jovem e a professora Maria de F\u00e1tima Pereira Alberto, por ter esta iniciativa junto \u00e0 socioeduca\u00e7\u00e3o.<u><\/u><u><\/u><\/p>\n<p class=\" \">Para Carlos Eduardo Correia de Lima, a pesquisa foi muito importante durante o per\u00edodo de ressocializa\u00e7\u00e3o e hoje, ap\u00f3s seis meses do fim do cumprimento da medida, comemora junto aos seus familiares, mais uma conquista. \u201cNo projeto, desenvolv\u00edamos aprendizagem, fizemos leituras, assist\u00edamos a document\u00e1rios sobre o trabalho infantil e aprendemos a elaborar pesquisas. Estou me sentindo \u00f3timo, melhor imposs\u00edvel. Agora, pretendo concluir meus estudos, retirar a minha habilita\u00e7\u00e3o e procurar um emprego, al\u00e9m de tentar entrar na universidade\u201d, disse Carlos.<u><\/u><u><\/u><\/p>\n<p><strong>NUPEDIA<\/strong>\u00a0&#8211; O N\u00facleo nasceu nominado como Grupo de Estudos sobre o Trabalho Precoce (GT Precoce), em 2001, e com proposta objetiva de integrar a pesquisa e a extens\u00e3o, respondendo a uma demanda dos movimentos sociais e das organiza\u00e7\u00f5es governamentais de pesquisas sobre o Trabalho Infantil, e de metodologias de interven\u00e7\u00e3o e de forma\u00e7\u00e3o de Atores Sociais para combater tal problema.<u><\/u><u><\/u><\/p>\n<p>Desde a sua origem, o N\u00facleo sempre teve como objeto principal de suas a\u00e7\u00f5es\u00a0de pesquisa,\u00a0ensino e extens\u00e3o a crian\u00e7a, o adolescente e o jovem em situa\u00e7\u00e3o de risco, pessoal e social. Com essa caracter\u00edstica, desde 2008, ele comp\u00f5e um dos N\u00facleos do Programa de P\u00f3s-Gradua\u00e7\u00e3o em Psicologia Social da Universidade Federal da Para\u00edba, cujo nome, a partir de 2009, mudou para N\u00facleo de Pesquisas e Estudos sobre o Desenvolvimento da Inf\u00e2ncia e Adolesc\u00eancia (Nupedia).<\/p>\n<\/div>\n<p class=\"noticia_fonte\">Secom-PB<\/p>\n","protected":false},"excerpt":{"rendered":"<p>Ap\u00f3s um ano desenvolvendo atividades de inicia\u00e7\u00e3o cient\u00edfica para jovens e adolescentes no ensino m\u00e9dio, sobre a rela\u00e7\u00e3o entre o trabalho infantil e o ato&hellip; <\/p>\n","protected":false},"author":1,"featured_media":75103,"comment_status":"closed","ping_status":"closed","sticky":false,"template":"","format":"standard","meta":{"sfsi_plus_gutenberg_text_before_share":"","sfsi_plus_gutenberg_show_text_before_share":"","sfsi_plus_gutenberg_icon_type":"","sfsi_plus_gutenberg_icon_alignemt":"","sfsi_plus_gutenburg_max_per_row":"","footnotes":""},"categories":[14],"tags":[],"class_list":["post-75102","post","type-post","status-publish","format-standard","has-post-thumbnail","hentry","category-educacao"],"_links":{"self":[{"href":"https:\/\/www.caririemacao.com\/1\/wp-json\/wp\/v2\/posts\/75102","targetHints":{"allow":["GET"]}}],"collection":[{"href":"https:\/\/www.caririemacao.com\/1\/wp-json\/wp\/v2\/posts"}],"about":[{"href":"https:\/\/www.caririemacao.com\/1\/wp-json\/wp\/v2\/types\/post"}],"author":[{"embeddable":true,"href":"https:\/\/www.caririemacao.com\/1\/wp-json\/wp\/v2\/users\/1"}],"replies":[{"embeddable":true,"href":"https:\/\/www.caririemacao.com\/1\/wp-json\/wp\/v2\/comments?post=75102"}],"version-history":[{"count":1,"href":"https:\/\/www.caririemacao.com\/1\/wp-json\/wp\/v2\/posts\/75102\/revisions"}],"predecessor-version":[{"id":75104,"href":"https:\/\/www.caririemacao.com\/1\/wp-json\/wp\/v2\/posts\/75102\/revisions\/75104"}],"wp:featuredmedia":[{"embeddable":true,"href":"https:\/\/www.caririemacao.com\/1\/wp-json\/wp\/v2\/media\/75103"}],"wp:attachment":[{"href":"https:\/\/www.caririemacao.com\/1\/wp-json\/wp\/v2\/media?parent=75102"}],"wp:term":[{"taxonomy":"category","embeddable":true,"href":"https:\/\/www.caririemacao.com\/1\/wp-json\/wp\/v2\/categories?post=75102"},{"taxonomy":"post_tag","embeddable":true,"href":"https:\/\/www.caririemacao.com\/1\/wp-json\/wp\/v2\/tags?post=75102"}],"curies":[{"name":"wp","href":"https:\/\/api.w.org\/{rel}","templated":true}]}}