{"id":75111,"date":"2018-12-02T07:18:39","date_gmt":"2018-12-02T10:18:39","guid":{"rendered":"http:\/\/www.caririemacao.com\/1\/?p=75111"},"modified":"2018-12-02T07:18:39","modified_gmt":"2018-12-02T10:18:39","slug":"veneziano-tem-mais-tres-projetos-aprovados-nas-areas-de-seguranca-no-trabalho-saude-e-direito-do-consumidor","status":"publish","type":"post","link":"https:\/\/www.caririemacao.com\/1\/2018\/12\/02\/veneziano-tem-mais-tres-projetos-aprovados-nas-areas-de-seguranca-no-trabalho-saude-e-direito-do-consumidor\/","title":{"rendered":"Veneziano tem mais tr\u00eas projetos aprovados nas \u00e1reas de seguran\u00e7a no trabalho, sa\u00fade e direito do consumidor"},"content":{"rendered":"<div class=\"noticiacorpo\">\n<p>O Deputado Federal e Senador eleito Veneziano Vital do R\u00eago (PSB) seguiu esta semana cumprindo uma intensa agenda de compromissos parlamentares em Bras\u00edlia, em favor da Para\u00edba. Um dos pontos centrais foi a aprova\u00e7\u00e3o pelas comiss\u00f5es da C\u00e2mara dos Deputados, de mais tr\u00eas projetos de sua autoria nas \u00e1reas de seguran\u00e7a no trabalho, sa\u00fade e direito do consumidor. Al\u00e9m disso, visitou minist\u00e9rios, promoveu reuni\u00f5es com Deputados, Prefeitos, Vice-Prefeitos, Vereadores e lideran\u00e7as representativas da sociedade.<\/p>\n<p>Um dos projetos de Veneziano aprovados pela Comiss\u00e3o de Seguridade Social, Sa\u00fade e Fam\u00edlia (CSSF), foi o Projeto de Lei (PL) 8100\/2017) que obriga empresas de telemarketing a oferecerem servi\u00e7os de gin\u00e1stica laboral e atendimento psicol\u00f3gico a seus empregados. A mesma comiss\u00e3o aprovou o PL 9196\/2017, que determina \u00e0 inclus\u00e3o de advert\u00eancia na divulga\u00e7\u00e3o de informa\u00e7\u00f5es sobre sa\u00fade na rede mundial de computadores.<\/p>\n<p>\u201cO chamado \u201cDoutor Google\u201d, que consiste na obten\u00e7\u00e3o, por leigos, de informa\u00e7\u00f5es sobre sa\u00fade, incluindo diagn\u00f3sticos e tratamentos, na internet. Como tudo, esse fen\u00f4meno tanto pode ter consequ\u00eancias positivas quanto negativas. Pelo lado positivo, os pacientes que tomam a iniciativa de se informar t\u00eam condi\u00e7\u00f5es de discutir melhor seus problemas e seus tratamentos. Pelo lado negativo, h\u00e1 muitos que, lendo as informa\u00e7\u00f5es disponibilizadas nos s\u00edtios e blogues, creem-se em condi\u00e7\u00f5es de estabelecer seu pr\u00f3prio diagn\u00f3stico e tratamento, com resultados imprevis\u00edveis. O aprendizado nas \u00e1reas de sa\u00fade \u00e9, como se sabe, mais longo que o da maioria das outras profiss\u00f5es e o leigo, ainda que muito inteligente e muito competente em sua pr\u00f3pria \u00e1rea de atua\u00e7\u00e3o, n\u00e3o ter\u00e1 a bagagem do profissional, nem seu discernimento\u201d, disse Veneziano.<\/p>\n<p>J\u00e1 a Comiss\u00e3o de Ci\u00eancia e Tecnologia, Comunica\u00e7\u00e3o e Internet (CCTCI), aprovou o PL 2246\/2015, do parlamentar socialista que disp\u00f5e sobre a prorroga\u00e7\u00e3o do vencimento das faturas cobradas por fornecedores de servi\u00e7os continuados.<\/p>\n<p>Durante a semana Veneziano tamb\u00e9m manteve uma audi\u00eancia com representantes do Minist\u00e9rio da Integra\u00e7\u00e3o Nacional (MIN), para tratar sobre as raz\u00f5es da baixa vaz\u00e3o e atual suspen\u00e7\u00e3o do bombeamento das \u00e1guas da Transposi\u00e7\u00e3o do Rio S\u00e3o Francisco para o Eixo Leste da obra, na Para\u00edba, onde conseguiu por parte do ministro a garantia de celeridade na resolu\u00e7\u00e3o do problema.<\/p>\n<p>Veneziano tamb\u00e9m recebeu nesta semana diversos Deputados, Prefeitos, Vice-Prefeitos e Vereadores em seu gabinete, para tratar de a\u00e7\u00f5es que ele pode empreender, como Deputado e Senador eleito, para ajudar esses munic\u00edpios. Um dos quais foi o Prefeito de Mogeiro, Alberto Ferreira, onde tratou de projetos para o munic\u00edpio.<\/p>\n<\/div>\n<p class=\"noticia_fonte\"><em>Ascom<\/em><\/p>\n","protected":false},"excerpt":{"rendered":"<p>O Deputado Federal e Senador eleito Veneziano Vital do R\u00eago (PSB) seguiu esta semana cumprindo uma intensa agenda de compromissos parlamentares em Bras\u00edlia, em favor&hellip; <\/p>\n","protected":false},"author":1,"featured_media":30295,"comment_status":"closed","ping_status":"closed","sticky":false,"template":"","format":"standard","meta":{"sfsi_plus_gutenberg_text_before_share":"","sfsi_plus_gutenberg_show_text_before_share":"","sfsi_plus_gutenberg_icon_type":"","sfsi_plus_gutenberg_icon_alignemt":"","sfsi_plus_gutenburg_max_per_row":"","footnotes":""},"categories":[11],"tags":[],"class_list":["post-75111","post","type-post","status-publish","format-standard","has-post-thumbnail","hentry","category-politica"],"_links":{"self":[{"href":"https:\/\/www.caririemacao.com\/1\/wp-json\/wp\/v2\/posts\/75111","targetHints":{"allow":["GET"]}}],"collection":[{"href":"https:\/\/www.caririemacao.com\/1\/wp-json\/wp\/v2\/posts"}],"about":[{"href":"https:\/\/www.caririemacao.com\/1\/wp-json\/wp\/v2\/types\/post"}],"author":[{"embeddable":true,"href":"https:\/\/www.caririemacao.com\/1\/wp-json\/wp\/v2\/users\/1"}],"replies":[{"embeddable":true,"href":"https:\/\/www.caririemacao.com\/1\/wp-json\/wp\/v2\/comments?post=75111"}],"version-history":[{"count":1,"href":"https:\/\/www.caririemacao.com\/1\/wp-json\/wp\/v2\/posts\/75111\/revisions"}],"predecessor-version":[{"id":75112,"href":"https:\/\/www.caririemacao.com\/1\/wp-json\/wp\/v2\/posts\/75111\/revisions\/75112"}],"wp:featuredmedia":[{"embeddable":true,"href":"https:\/\/www.caririemacao.com\/1\/wp-json\/wp\/v2\/media\/30295"}],"wp:attachment":[{"href":"https:\/\/www.caririemacao.com\/1\/wp-json\/wp\/v2\/media?parent=75111"}],"wp:term":[{"taxonomy":"category","embeddable":true,"href":"https:\/\/www.caririemacao.com\/1\/wp-json\/wp\/v2\/categories?post=75111"},{"taxonomy":"post_tag","embeddable":true,"href":"https:\/\/www.caririemacao.com\/1\/wp-json\/wp\/v2\/tags?post=75111"}],"curies":[{"name":"wp","href":"https:\/\/api.w.org\/{rel}","templated":true}]}}