{"id":75113,"date":"2018-12-02T07:21:30","date_gmt":"2018-12-02T10:21:30","guid":{"rendered":"http:\/\/www.caririemacao.com\/1\/?p=75113"},"modified":"2018-12-02T07:21:30","modified_gmt":"2018-12-02T10:21:30","slug":"pf-abre-inquerito-para-investigar-futuro-ministro-da-economia-de-bolsonaro","status":"publish","type":"post","link":"https:\/\/www.caririemacao.com\/1\/2018\/12\/02\/pf-abre-inquerito-para-investigar-futuro-ministro-da-economia-de-bolsonaro\/","title":{"rendered":"PF abre inqu\u00e9rito para investigar futuro ministro da economia de Bolsonaro"},"content":{"rendered":"<p class=\" \">O futuro ministro da Economia, Paulo Guedes, ser\u00e1 investigado pela Pol\u00edcia Federal por supostas fraudes<a href=\"https:\/\/ultimosegundo.ig.com.br\/politica\/2018-10-11\/paulo-guedes-nega-acusacao.html\" target=\"_blank\" rel=\"noopener\">\u00a0<\/a>em neg\u00f3cios com fundos de pens\u00e3o patrocinados por estatais.<\/p>\n<p class=\" \">O inqu\u00e9rito contra Paulo Guedes\u00a0foi aberto a pedido do Minist\u00e9rio P\u00fablico Federal em Bras\u00edlia, que tamb\u00e9m abriu procedimento preliminar a respeito, com base em irregularidades apontadas pela Previc (Superintend\u00eancia Nacional de Previd\u00eancia Complementar).<\/p>\n<p>A investiga\u00e7\u00e3o da PF deve apurar se Guedes cometeu crimes de gest\u00e3o fraudulenta ou temer\u00e1ria ao captar, por meio de um fundo de investimentos, recursos de sete entidades de previd\u00eancia complementar de empregados de empresas p\u00fablicas. Tamb\u00e9m ser\u00e1 averiguada a hip\u00f3tese de emiss\u00e3o e negocia\u00e7\u00e3o de t\u00edtulos sem lastros ou garantias suficientes.<\/p>\n<p>Em nota, a defesa de Guedes informou que \u201creafirma a lisura de todas as opera\u00e7\u00f5es do fundo que, diga-se de passagem, deu lucro aos cotistas, incluindo os fundos de pens\u00e3o\u201d. \u201cEspera tamb\u00e9m que a investiga\u00e7\u00e3o \u2013 agora corretamente conduzida no \u00e2mbito da Policia Federal \u2013 apure as incoer\u00eancias do relat\u00f3rio irregular produzido na Previc\u201d, afirmou. Al\u00e9m do futuro ministro de Jair Bolsonaro, os administradores das entidades de previd\u00eancia complementar tamb\u00e9m s\u00e3o alvo da investiga\u00e7\u00e3o.<\/p>\n<p>&nbsp;<\/p>\n<p>Ag\u00eancia Brasil<\/p>\n","protected":false},"excerpt":{"rendered":"<p>O futuro ministro da Economia, Paulo Guedes, ser\u00e1 investigado pela Pol\u00edcia Federal por supostas fraudes\u00a0em neg\u00f3cios com fundos de pens\u00e3o patrocinados por estatais. O inqu\u00e9rito&hellip; <\/p>\n","protected":false},"author":1,"featured_media":65421,"comment_status":"closed","ping_status":"closed","sticky":false,"template":"","format":"standard","meta":{"sfsi_plus_gutenberg_text_before_share":"","sfsi_plus_gutenberg_show_text_before_share":"","sfsi_plus_gutenberg_icon_type":"","sfsi_plus_gutenberg_icon_alignemt":"","sfsi_plus_gutenburg_max_per_row":"","footnotes":""},"categories":[11],"tags":[],"class_list":["post-75113","post","type-post","status-publish","format-standard","has-post-thumbnail","hentry","category-politica"],"_links":{"self":[{"href":"https:\/\/www.caririemacao.com\/1\/wp-json\/wp\/v2\/posts\/75113","targetHints":{"allow":["GET"]}}],"collection":[{"href":"https:\/\/www.caririemacao.com\/1\/wp-json\/wp\/v2\/posts"}],"about":[{"href":"https:\/\/www.caririemacao.com\/1\/wp-json\/wp\/v2\/types\/post"}],"author":[{"embeddable":true,"href":"https:\/\/www.caririemacao.com\/1\/wp-json\/wp\/v2\/users\/1"}],"replies":[{"embeddable":true,"href":"https:\/\/www.caririemacao.com\/1\/wp-json\/wp\/v2\/comments?post=75113"}],"version-history":[{"count":1,"href":"https:\/\/www.caririemacao.com\/1\/wp-json\/wp\/v2\/posts\/75113\/revisions"}],"predecessor-version":[{"id":75114,"href":"https:\/\/www.caririemacao.com\/1\/wp-json\/wp\/v2\/posts\/75113\/revisions\/75114"}],"wp:featuredmedia":[{"embeddable":true,"href":"https:\/\/www.caririemacao.com\/1\/wp-json\/wp\/v2\/media\/65421"}],"wp:attachment":[{"href":"https:\/\/www.caririemacao.com\/1\/wp-json\/wp\/v2\/media?parent=75113"}],"wp:term":[{"taxonomy":"category","embeddable":true,"href":"https:\/\/www.caririemacao.com\/1\/wp-json\/wp\/v2\/categories?post=75113"},{"taxonomy":"post_tag","embeddable":true,"href":"https:\/\/www.caririemacao.com\/1\/wp-json\/wp\/v2\/tags?post=75113"}],"curies":[{"name":"wp","href":"https:\/\/api.w.org\/{rel}","templated":true}]}}