{"id":75126,"date":"2018-12-02T07:47:39","date_gmt":"2018-12-02T10:47:39","guid":{"rendered":"http:\/\/www.caririemacao.com\/1\/?p=75126"},"modified":"2018-12-02T07:47:39","modified_gmt":"2018-12-02T10:47:39","slug":"assistencia-social-de-sume-realiza-primeira-semana-do-bebe-2","status":"publish","type":"post","link":"https:\/\/www.caririemacao.com\/1\/2018\/12\/02\/assistencia-social-de-sume-realiza-primeira-semana-do-bebe-2\/","title":{"rendered":"Assist\u00eancia Social de Sum\u00e9 realiza Primeira Semana do Beb\u00ea"},"content":{"rendered":"<p style=\"font-weight: 400;\">A Secretaria de Assist\u00eancia Social de Sum\u00e9, realiza na pr\u00f3xima semana a Primeira Semana do Beb\u00ea, cujo tema \u00e9<strong>\u00a0<\/strong>\u201cTodos juntos pela primeira inf\u00e2ncia\u201d<strong>.<\/strong><\/p>\n<p style=\"font-weight: 400;\">O evento ser\u00e1 aberto na pr\u00f3xima segunda-feira (03\/12), \u00e0s 09h, no audit\u00f3rio do Centro de Refer\u00eancia de Assist\u00eancia Social (Cras). A programa\u00e7\u00e3o se estende at\u00e9 a quinta-feira (06\/12).<\/p>\n<p style=\"font-weight: 400;\">A Semana do Beb\u00ea \u00e9 tamb\u00e9m uma a\u00e7\u00e3o conjunta com as Secretarias de Sa\u00fade e de Educa\u00e7\u00e3o e faz parte das a\u00e7\u00f5es para o processo de viabiliza\u00e7\u00e3o da conquista do Selo Unicef \u00a02017-2020.<\/p>\n<p>&nbsp;<\/p>\n<p>Ascom<\/p>\n","protected":false},"excerpt":{"rendered":"<p>A Secretaria de Assist\u00eancia Social de Sum\u00e9, realiza na pr\u00f3xima semana a Primeira Semana do Beb\u00ea, cujo tema \u00e9\u00a0\u201cTodos juntos pela primeira inf\u00e2ncia\u201d. O evento&hellip; <\/p>\n","protected":false},"author":1,"featured_media":75127,"comment_status":"closed","ping_status":"closed","sticky":false,"template":"","format":"standard","meta":{"sfsi_plus_gutenberg_text_before_share":"","sfsi_plus_gutenberg_show_text_before_share":"","sfsi_plus_gutenberg_icon_type":"","sfsi_plus_gutenberg_icon_alignemt":"","sfsi_plus_gutenburg_max_per_row":"","footnotes":""},"categories":[6],"tags":[],"class_list":["post-75126","post","type-post","status-publish","format-standard","has-post-thumbnail","hentry","category-cidades"],"_links":{"self":[{"href":"https:\/\/www.caririemacao.com\/1\/wp-json\/wp\/v2\/posts\/75126","targetHints":{"allow":["GET"]}}],"collection":[{"href":"https:\/\/www.caririemacao.com\/1\/wp-json\/wp\/v2\/posts"}],"about":[{"href":"https:\/\/www.caririemacao.com\/1\/wp-json\/wp\/v2\/types\/post"}],"author":[{"embeddable":true,"href":"https:\/\/www.caririemacao.com\/1\/wp-json\/wp\/v2\/users\/1"}],"replies":[{"embeddable":true,"href":"https:\/\/www.caririemacao.com\/1\/wp-json\/wp\/v2\/comments?post=75126"}],"version-history":[{"count":1,"href":"https:\/\/www.caririemacao.com\/1\/wp-json\/wp\/v2\/posts\/75126\/revisions"}],"predecessor-version":[{"id":75128,"href":"https:\/\/www.caririemacao.com\/1\/wp-json\/wp\/v2\/posts\/75126\/revisions\/75128"}],"wp:featuredmedia":[{"embeddable":true,"href":"https:\/\/www.caririemacao.com\/1\/wp-json\/wp\/v2\/media\/75127"}],"wp:attachment":[{"href":"https:\/\/www.caririemacao.com\/1\/wp-json\/wp\/v2\/media?parent=75126"}],"wp:term":[{"taxonomy":"category","embeddable":true,"href":"https:\/\/www.caririemacao.com\/1\/wp-json\/wp\/v2\/categories?post=75126"},{"taxonomy":"post_tag","embeddable":true,"href":"https:\/\/www.caririemacao.com\/1\/wp-json\/wp\/v2\/tags?post=75126"}],"curies":[{"name":"wp","href":"https:\/\/api.w.org\/{rel}","templated":true}]}}