{"id":75131,"date":"2018-12-02T09:21:53","date_gmt":"2018-12-02T12:21:53","guid":{"rendered":"http:\/\/www.caririemacao.com\/1\/?p=75131"},"modified":"2018-12-02T09:21:53","modified_gmt":"2018-12-02T12:21:53","slug":"reporter-aguia-tem-saude-agravada","status":"publish","type":"post","link":"https:\/\/www.caririemacao.com\/1\/2018\/12\/02\/reporter-aguia-tem-saude-agravada\/","title":{"rendered":"Rep\u00f3rter \u2018\u00c1guia\u2019 tem sa\u00fade agravada"},"content":{"rendered":"<p>O rep\u00f3rter do Sistema Arapuan de Comunica\u00e7\u00e3o, Marco Ant\u00f4nio, popularmente conhecido como \u2018\u00c1guia\u2019, teve seu quadro de sa\u00fade agravado na tarde deste s\u00e1bado (01).<\/p>\n<p>Ele est\u00e1 internado desde o m\u00eas passado no Hospital de Emerg\u00eancia e Trauma de Jo\u00e3o Pessoa Senador Humberto Lucena, ap\u00f3s sofrer um acidente de motocicleta.<\/p>\n<p>De acordo com os m\u00e9dicos que est\u00e3o acompanhando o comunicador, foi detectado um problema em seu pulm\u00e3o.<\/p>\n<p>Os profissionais realizaram uma drenagem para ajudar na recupera\u00e7\u00e3o do rep\u00f3rter, que segue entubado e internado na \u00c1rea Vermelha do Trauma.<\/p>\n<p>A previs\u00e3o da equipe m\u00e9dica \u00e9 de que em at\u00e9 48 horas o pulm\u00e3o comece a voltar sua ventila\u00e7\u00e3o gradativamente.<\/p>\n<p><strong>MaisPB<\/strong><\/p>\n","protected":false},"excerpt":{"rendered":"<p>O rep\u00f3rter do Sistema Arapuan de Comunica\u00e7\u00e3o, Marco Ant\u00f4nio, popularmente conhecido como \u2018\u00c1guia\u2019, teve seu quadro de sa\u00fade agravado na tarde deste s\u00e1bado (01). Ele&hellip; <\/p>\n","protected":false},"author":1,"featured_media":75132,"comment_status":"closed","ping_status":"closed","sticky":false,"template":"","format":"standard","meta":{"sfsi_plus_gutenberg_text_before_share":"","sfsi_plus_gutenberg_show_text_before_share":"","sfsi_plus_gutenberg_icon_type":"","sfsi_plus_gutenberg_icon_alignemt":"","sfsi_plus_gutenburg_max_per_row":"","footnotes":""},"categories":[2],"tags":[],"class_list":["post-75131","post","type-post","status-publish","format-standard","has-post-thumbnail","hentry","category-geral"],"_links":{"self":[{"href":"https:\/\/www.caririemacao.com\/1\/wp-json\/wp\/v2\/posts\/75131","targetHints":{"allow":["GET"]}}],"collection":[{"href":"https:\/\/www.caririemacao.com\/1\/wp-json\/wp\/v2\/posts"}],"about":[{"href":"https:\/\/www.caririemacao.com\/1\/wp-json\/wp\/v2\/types\/post"}],"author":[{"embeddable":true,"href":"https:\/\/www.caririemacao.com\/1\/wp-json\/wp\/v2\/users\/1"}],"replies":[{"embeddable":true,"href":"https:\/\/www.caririemacao.com\/1\/wp-json\/wp\/v2\/comments?post=75131"}],"version-history":[{"count":1,"href":"https:\/\/www.caririemacao.com\/1\/wp-json\/wp\/v2\/posts\/75131\/revisions"}],"predecessor-version":[{"id":75133,"href":"https:\/\/www.caririemacao.com\/1\/wp-json\/wp\/v2\/posts\/75131\/revisions\/75133"}],"wp:featuredmedia":[{"embeddable":true,"href":"https:\/\/www.caririemacao.com\/1\/wp-json\/wp\/v2\/media\/75132"}],"wp:attachment":[{"href":"https:\/\/www.caririemacao.com\/1\/wp-json\/wp\/v2\/media?parent=75131"}],"wp:term":[{"taxonomy":"category","embeddable":true,"href":"https:\/\/www.caririemacao.com\/1\/wp-json\/wp\/v2\/categories?post=75131"},{"taxonomy":"post_tag","embeddable":true,"href":"https:\/\/www.caririemacao.com\/1\/wp-json\/wp\/v2\/tags?post=75131"}],"curies":[{"name":"wp","href":"https:\/\/api.w.org\/{rel}","templated":true}]}}