{"id":75134,"date":"2018-12-02T09:40:45","date_gmt":"2018-12-02T12:40:45","guid":{"rendered":"http:\/\/www.caririemacao.com\/1\/?p=75134"},"modified":"2018-12-02T09:40:45","modified_gmt":"2018-12-02T12:40:45","slug":"camara-avalia-situacao-do-projeto-de-integracao-do-rio-sao-francisco","status":"publish","type":"post","link":"https:\/\/www.caririemacao.com\/1\/2018\/12\/02\/camara-avalia-situacao-do-projeto-de-integracao-do-rio-sao-francisco\/","title":{"rendered":"C\u00e2mara avalia situa\u00e7\u00e3o do projeto de integra\u00e7\u00e3o do rio S\u00e3o Francisco"},"content":{"rendered":"<p>A atual situa\u00e7\u00e3o do projeto de integra\u00e7\u00e3o do rio S\u00e3o Francisco, as dificuldades e os custos para sua opera\u00e7\u00e3o e manuten\u00e7\u00e3o e os benef\u00edcios para as regi\u00f5es beneficiadas s\u00e3o tema de audi\u00eancia p\u00fablica conjunta que acontece na C\u00e2mara dos Deputados nesta ter\u00e7a-feira (4).<\/p>\n<p>A audi\u00eancia \u00e9 promovida por duas comiss\u00f5es externas: a que acompanha a situa\u00e7\u00e3o h\u00eddrica dos munic\u00edpios de Minas Gerais e a da Transposi\u00e7\u00e3o do rio S\u00e3o Francisco, e atende requerimento da deputada Raquel Muniz (PSD-MG).<\/p>\n<p>Foram convidados para a audi\u00eancia Hadson Tolentino Barbosa, representante da Administra\u00e7\u00e3o Hidrovi\u00e1ria do S\u00e3o Francisco, al\u00e9m de representantes da Companhia de Desenvolvimento dos Vales S\u00e3o Francisco e do Parna\u00edba (Codevasf) e da Ag\u00eancia Nacional de \u00c1guas (ANA).<\/p>\n<p>&nbsp;<\/p>\n<p>Para\u00edba Online<\/p>\n","protected":false},"excerpt":{"rendered":"<p>A atual situa\u00e7\u00e3o do projeto de integra\u00e7\u00e3o do rio S\u00e3o Francisco, as dificuldades e os custos para sua opera\u00e7\u00e3o e manuten\u00e7\u00e3o e os benef\u00edcios para&hellip; <\/p>\n","protected":false},"author":1,"featured_media":75136,"comment_status":"closed","ping_status":"closed","sticky":false,"template":"","format":"standard","meta":{"sfsi_plus_gutenberg_text_before_share":"","sfsi_plus_gutenberg_show_text_before_share":"","sfsi_plus_gutenberg_icon_type":"","sfsi_plus_gutenberg_icon_alignemt":"","sfsi_plus_gutenburg_max_per_row":"","footnotes":""},"categories":[11],"tags":[],"class_list":["post-75134","post","type-post","status-publish","format-standard","has-post-thumbnail","hentry","category-politica"],"_links":{"self":[{"href":"https:\/\/www.caririemacao.com\/1\/wp-json\/wp\/v2\/posts\/75134","targetHints":{"allow":["GET"]}}],"collection":[{"href":"https:\/\/www.caririemacao.com\/1\/wp-json\/wp\/v2\/posts"}],"about":[{"href":"https:\/\/www.caririemacao.com\/1\/wp-json\/wp\/v2\/types\/post"}],"author":[{"embeddable":true,"href":"https:\/\/www.caririemacao.com\/1\/wp-json\/wp\/v2\/users\/1"}],"replies":[{"embeddable":true,"href":"https:\/\/www.caririemacao.com\/1\/wp-json\/wp\/v2\/comments?post=75134"}],"version-history":[{"count":1,"href":"https:\/\/www.caririemacao.com\/1\/wp-json\/wp\/v2\/posts\/75134\/revisions"}],"predecessor-version":[{"id":75137,"href":"https:\/\/www.caririemacao.com\/1\/wp-json\/wp\/v2\/posts\/75134\/revisions\/75137"}],"wp:featuredmedia":[{"embeddable":true,"href":"https:\/\/www.caririemacao.com\/1\/wp-json\/wp\/v2\/media\/75136"}],"wp:attachment":[{"href":"https:\/\/www.caririemacao.com\/1\/wp-json\/wp\/v2\/media?parent=75134"}],"wp:term":[{"taxonomy":"category","embeddable":true,"href":"https:\/\/www.caririemacao.com\/1\/wp-json\/wp\/v2\/categories?post=75134"},{"taxonomy":"post_tag","embeddable":true,"href":"https:\/\/www.caririemacao.com\/1\/wp-json\/wp\/v2\/tags?post=75134"}],"curies":[{"name":"wp","href":"https:\/\/api.w.org\/{rel}","templated":true}]}}