{"id":75144,"date":"2018-12-02T14:01:27","date_gmt":"2018-12-02T17:01:27","guid":{"rendered":"http:\/\/www.caririemacao.com\/1\/?p=75144"},"modified":"2018-12-02T14:01:27","modified_gmt":"2018-12-02T17:01:27","slug":"coordenacao-da-copa-cariri-de-futsal-lanca-inicio-de-mais-uma-edicao","status":"publish","type":"post","link":"https:\/\/www.caririemacao.com\/1\/2018\/12\/02\/coordenacao-da-copa-cariri-de-futsal-lanca-inicio-de-mais-uma-edicao\/","title":{"rendered":"Coordena\u00e7\u00e3o da Copa Cariri de Futsal lan\u00e7a in\u00edcio de mais uma edi\u00e7\u00e3o"},"content":{"rendered":"<p>Em entrevista concedida neste s\u00e1bado(01) ao programa Ponto de Vista da R\u00e1dio Serra Branca FM, o coordenador da Copa Cariri de Futsal, Dami\u00e3o Lima, lan\u00e7ou oficialmente a edi\u00e7\u00e3o 2019 do certame.<\/p>\n<p>A coordena\u00e7\u00e3o realizou o seu 1\u00ba Congresso T\u00e9cnico da competi\u00e7\u00e3o na manh\u00e3 deste s\u00e1bado(01),\u00a0 na\u00a0 C\u00e2mara de Vereadores em Serra Branca. O congresso contou com a participa\u00e7\u00e3o dos representantes das equipes que ir\u00e3o participar da competi\u00e7\u00e3o. Dami\u00e3o Lima revelou a emissora de r\u00e1dio, a confirma\u00e7\u00e3o j\u00e1 de 10 equipes de futsal representadas por v\u00e1rias cidades do cariri paraibano.<\/p>\n<p>Dentre elas, a volta da tradicional equipe da Selebranca da cidade de Serra Branca, que volta as quadras ap\u00f3s 04 anos sem participar do certame. A competi\u00e7\u00e3o tamb\u00e9m confirmou a participa\u00e7\u00e3o in\u00e9dita da equipe do Chelsea da cidade de Gurj\u00e3o, que junto com a agremia\u00e7\u00e3o do Para\u00edba, representar\u00e3o a cidade de Gurj\u00e3o na competi\u00e7\u00e3o.<\/p>\n<p>Em primeira m\u00e3o a equipe de jornalismo da Serra Branca FM, o coordenador Dami\u00e3o Lima confirmou para o dia 16 de Fevereiro o grande in\u00edcio da Copa Cariri de Futsal 2019. Em breve, a coordena\u00e7\u00e3o trar\u00e1 mais novidades da pr\u00f3xima reuni\u00e3o preparat\u00f3ria que definir\u00e1 por completo, as equipes que ir\u00e3o participar da competi\u00e7\u00e3o.<\/p>\n<p><strong>De Olho no Cariri<\/strong><\/p>\n","protected":false},"excerpt":{"rendered":"<p>Em entrevista concedida neste s\u00e1bado(01) ao programa Ponto de Vista da R\u00e1dio Serra Branca FM, o coordenador da Copa Cariri de Futsal, Dami\u00e3o Lima, lan\u00e7ou&hellip; <\/p>\n","protected":false},"author":1,"featured_media":75145,"comment_status":"closed","ping_status":"closed","sticky":false,"template":"","format":"standard","meta":{"sfsi_plus_gutenberg_text_before_share":"","sfsi_plus_gutenberg_show_text_before_share":"","sfsi_plus_gutenberg_icon_type":"","sfsi_plus_gutenberg_icon_alignemt":"","sfsi_plus_gutenburg_max_per_row":"","footnotes":""},"categories":[13],"tags":[],"class_list":["post-75144","post","type-post","status-publish","format-standard","has-post-thumbnail","hentry","category-esportes"],"_links":{"self":[{"href":"https:\/\/www.caririemacao.com\/1\/wp-json\/wp\/v2\/posts\/75144","targetHints":{"allow":["GET"]}}],"collection":[{"href":"https:\/\/www.caririemacao.com\/1\/wp-json\/wp\/v2\/posts"}],"about":[{"href":"https:\/\/www.caririemacao.com\/1\/wp-json\/wp\/v2\/types\/post"}],"author":[{"embeddable":true,"href":"https:\/\/www.caririemacao.com\/1\/wp-json\/wp\/v2\/users\/1"}],"replies":[{"embeddable":true,"href":"https:\/\/www.caririemacao.com\/1\/wp-json\/wp\/v2\/comments?post=75144"}],"version-history":[{"count":1,"href":"https:\/\/www.caririemacao.com\/1\/wp-json\/wp\/v2\/posts\/75144\/revisions"}],"predecessor-version":[{"id":75146,"href":"https:\/\/www.caririemacao.com\/1\/wp-json\/wp\/v2\/posts\/75144\/revisions\/75146"}],"wp:featuredmedia":[{"embeddable":true,"href":"https:\/\/www.caririemacao.com\/1\/wp-json\/wp\/v2\/media\/75145"}],"wp:attachment":[{"href":"https:\/\/www.caririemacao.com\/1\/wp-json\/wp\/v2\/media?parent=75144"}],"wp:term":[{"taxonomy":"category","embeddable":true,"href":"https:\/\/www.caririemacao.com\/1\/wp-json\/wp\/v2\/categories?post=75144"},{"taxonomy":"post_tag","embeddable":true,"href":"https:\/\/www.caririemacao.com\/1\/wp-json\/wp\/v2\/tags?post=75144"}],"curies":[{"name":"wp","href":"https:\/\/api.w.org\/{rel}","templated":true}]}}