{"id":75148,"date":"2018-12-02T14:08:09","date_gmt":"2018-12-02T17:08:09","guid":{"rendered":"http:\/\/www.caririemacao.com\/1\/?p=75148"},"modified":"2018-12-02T14:08:09","modified_gmt":"2018-12-02T17:08:09","slug":"ufcg-divulga-edital-do-vestibular-2019-para-o-curso-de-educacao-do-campo-no-cdsa-de-sume-2","status":"publish","type":"post","link":"https:\/\/www.caririemacao.com\/1\/2018\/12\/02\/ufcg-divulga-edital-do-vestibular-2019-para-o-curso-de-educacao-do-campo-no-cdsa-de-sume-2\/","title":{"rendered":"UFCG divulga edital do Vestibular 2019 para o curso de Educa\u00e7\u00e3o do Campo no CDSA de Sum\u00e9"},"content":{"rendered":"<p>A Universidade Federal de Campina Grande (UFCG) divulgou o edital do Processo Seletivo Vestibular 2019.1 para o preenchimento de 50 vagas no curso de gradua\u00e7\u00e3o de Educa\u00e7\u00e3o do Campo. A licenciatura \u00e9 ministrada no Centro de Desenvolvimento Sustent\u00e1vel do Semi\u00e1rido (CDSA), campus de Sum\u00e9.<u><\/u><u><\/u><u><\/u>\u00a0<u><\/u><\/p>\n<p>Pode se inscrever do Vestibular, o candidato que tiver realizado o Exame Nacional do Ensino M\u00e9dio (ENEM) em qualquer dos anos 2014, 2015, 2016, 2017 ou 2018 e atenda a um dos seguintes crit\u00e9rios: atue na agricultura familiar ou seja dependente de fam\u00edlia que realize essa forma de<u><\/u><u><\/u><\/p>\n<p>produ\u00e7\u00e3o; seja empregado rural ou seu dependente; seja assentado da Reforma Agr\u00e1ria ou seu dependente; seja professor em exerc\u00edcio do magist\u00e9rio do ensino fundamental e m\u00e9dio da rede p\u00fablica ou rede privada de ensino; seja quilombola, cigano ou pescador artesanal; ou seja integrante de movimento social do campo.<u><\/u><u><\/u><\/p>\n<p><u><\/u>As inscri\u00e7\u00f5es ser\u00e3o realizadas de 21 a 31 de janeiro de 2019 no site da Comiss\u00e3o de Processos Vestibulares (Comprov) \u2013\u00a0<a href=\"http:\/\/www.comprov.ufcg.edu.br.\/\" target=\"_blank\" rel=\"noopener\" data-saferedirecturl=\"https:\/\/www.google.com\/url?q=http:\/\/www.comprov.ufcg.edu.br.&amp;source=gmail&amp;ust=1543691147836000&amp;usg=AFQjCNGbuFAB-g8RrSDJBHLlAqV7_xcBWg\">www.comprov.ufcg.edu.br.<\/a>\u00a0A taxa custa R$ 15. Os candidatos de baixa renda inscritos em programas sociais do Governo Federal podem solicitar isen\u00e7\u00e3o.<u><\/u><u><\/u><\/p>\n<p><u><\/u>Os candidatos ser\u00e1o selecionados com base na m\u00e9dia obtida no Enem e atrav\u00e9s de uma reda\u00e7\u00e3o sobre o tema na \u00e1rea da Educa\u00e7\u00e3o do Campo, como prova de Habilidade Espec\u00edfica, a ser aplicada no dia 12 de fevereiro de 2019.<u><\/u><u><\/u><\/p>\n<p><u><\/u>A primeira chamada ser\u00e1 divulgada no dia 18 de fevereiro e os candidatos convocados devem realizar o cadastramento no dia 25 de fevereiro. A matricula em disciplinas acontece no dia seguinte, 26\/02, e as aulas ter\u00e3o in\u00edcio no dia 11 de mar\u00e7o.<u><\/u><u><\/u><u><\/u>\u00a0<u><\/u><\/p>\n<p>Confira mais detalhes e informa\u00e7\u00f5es\u00a0<a href=\"https:\/\/pre.ufcg.edu.br\/pre\/editais-arquivos?download=728:edital-pre-n-66-2018-vestibular-educacao-do-campo-2019-1\" target=\"_blank\" rel=\"noopener\" data-saferedirecturl=\"https:\/\/www.google.com\/url?q=https:\/\/pre.ufcg.edu.br\/pre\/editais-arquivos?download%3D728:edital-pre-n-66-2018-vestibular-educacao-do-campo-2019-1&amp;source=gmail&amp;ust=1543691147836000&amp;usg=AFQjCNE7kF34OMAKsFQ2f-I1HaHF5TojKg\">no edital.<\/a><\/p>\n<p><em>Com Ascom\u00a0<\/em><\/p>\n","protected":false},"excerpt":{"rendered":"<p>A Universidade Federal de Campina Grande (UFCG) divulgou o edital do Processo Seletivo Vestibular 2019.1 para o preenchimento de 50 vagas no curso de gradua\u00e7\u00e3o&hellip; <\/p>\n","protected":false},"author":1,"featured_media":23031,"comment_status":"closed","ping_status":"closed","sticky":false,"template":"","format":"standard","meta":{"sfsi_plus_gutenberg_text_before_share":"","sfsi_plus_gutenberg_show_text_before_share":"","sfsi_plus_gutenberg_icon_type":"","sfsi_plus_gutenberg_icon_alignemt":"","sfsi_plus_gutenburg_max_per_row":"","footnotes":""},"categories":[50,14],"tags":[],"class_list":["post-75148","post","type-post","status-publish","format-standard","has-post-thumbnail","hentry","category-destaque","category-educacao"],"_links":{"self":[{"href":"https:\/\/www.caririemacao.com\/1\/wp-json\/wp\/v2\/posts\/75148","targetHints":{"allow":["GET"]}}],"collection":[{"href":"https:\/\/www.caririemacao.com\/1\/wp-json\/wp\/v2\/posts"}],"about":[{"href":"https:\/\/www.caririemacao.com\/1\/wp-json\/wp\/v2\/types\/post"}],"author":[{"embeddable":true,"href":"https:\/\/www.caririemacao.com\/1\/wp-json\/wp\/v2\/users\/1"}],"replies":[{"embeddable":true,"href":"https:\/\/www.caririemacao.com\/1\/wp-json\/wp\/v2\/comments?post=75148"}],"version-history":[{"count":1,"href":"https:\/\/www.caririemacao.com\/1\/wp-json\/wp\/v2\/posts\/75148\/revisions"}],"predecessor-version":[{"id":75149,"href":"https:\/\/www.caririemacao.com\/1\/wp-json\/wp\/v2\/posts\/75148\/revisions\/75149"}],"wp:featuredmedia":[{"embeddable":true,"href":"https:\/\/www.caririemacao.com\/1\/wp-json\/wp\/v2\/media\/23031"}],"wp:attachment":[{"href":"https:\/\/www.caririemacao.com\/1\/wp-json\/wp\/v2\/media?parent=75148"}],"wp:term":[{"taxonomy":"category","embeddable":true,"href":"https:\/\/www.caririemacao.com\/1\/wp-json\/wp\/v2\/categories?post=75148"},{"taxonomy":"post_tag","embeddable":true,"href":"https:\/\/www.caririemacao.com\/1\/wp-json\/wp\/v2\/tags?post=75148"}],"curies":[{"name":"wp","href":"https:\/\/api.w.org\/{rel}","templated":true}]}}