{"id":75150,"date":"2018-12-02T14:22:25","date_gmt":"2018-12-02T17:22:25","guid":{"rendered":"http:\/\/www.caririemacao.com\/1\/?p=75150"},"modified":"2018-12-02T14:22:25","modified_gmt":"2018-12-02T17:22:25","slug":"na-terca-feira-governadores-do-norte-e-nordeste-se-encontrarao-em-brasilia-para-acompanhar-votacoes-no-congresso-e-acoes-no-stf","status":"publish","type":"post","link":"https:\/\/www.caririemacao.com\/1\/2018\/12\/02\/na-terca-feira-governadores-do-norte-e-nordeste-se-encontrarao-em-brasilia-para-acompanhar-votacoes-no-congresso-e-acoes-no-stf\/","title":{"rendered":"NA TER\u00c7A-FEIRA: Governadores do Norte e Nordeste se encontrar\u00e3o em Bras\u00edlia para acompanhar vota\u00e7\u00f5es no Congresso e a\u00e7\u00f5es no STF"},"content":{"rendered":"<p>Os governadores do Norte e Nordeste se reunir\u00e3o na pr\u00f3xima ter\u00e7a-feira, 04, novamente na representa\u00e7\u00e3o do Cear\u00e1 em Bras\u00edlia, o in\u00edcio da reuni\u00e3o est\u00e1 previsto para as 10 horas. Os governadores v\u00e3o acompanhar, na C\u00e2mara dos Deputados, a vota\u00e7\u00e3o do projeto que trata da Securitiza\u00e7\u00e3o da D\u00edvida Ativa, o PLP 459 estabelece uma forma moderna de combater a sonega\u00e7\u00e3o e gera receitas para d\u00e9ficit da previd\u00eancia e investimentos.<\/p>\n<p>Estados, munic\u00edpios e a Uni\u00e3o tem interesse na aprova\u00e7\u00e3o da mat\u00e9ria, o relator \u00e9 o deputado Andr\u00e9 Figueiredo (PDT) e j\u00e1 apresentou seu parecer pela aprova\u00e7\u00e3o, com algumas altera\u00e7\u00f5es; e o PLP 10.985 que trata da regula\u00e7\u00e3o da cess\u00e3o onerosa de G\u00e1s e Petr\u00f3leo. Neste caso, terminativo na C\u00e2mara, o objetivo \u00e9 a manter a regra de partilha entre Uni\u00e3o, Estados e Munic\u00edpios, das receitas com Royalties e Fundo Social.<\/p>\n<p>No Senado, a prioridade dos governadores \u00e9 chegar a um entendimento para vota\u00e7\u00e3o do PLP 78, que trata de B\u00f4nus de Assinatura, complemento da Cess\u00e3o Onerosa de G\u00e1s e Petr\u00f3leo e objetivo \u00e9 a participa\u00e7\u00e3o dos Estados e Munic\u00edpios na receita com pagamento do B\u00f4nus de Assinatura ap\u00f3s os leil\u00f5es.<\/p>\n<p>O governador do Piau\u00ed disse que \u201cs\u00e3o projetos maduros e governadores, de diferentes partidos e regi\u00f5es do pa\u00eds, e prefeitos, unidos, querem apenas que seja cumprida a regra da Constitui\u00e7\u00e3o Federal de partilha destas receitas\u201d. Ele afirmou que\u00a0\u201ca Uni\u00e3o precisa parar com esta concentra\u00e7\u00e3o permanente de receita e quebra do pacto federativo, na \u00faltima semana foram aprovados urg\u00eancias e avan\u00e7amos nos entendimentos e agora vamos cuidar de, por acordo, viabilizar vota\u00e7\u00e3o. Se a Uni\u00e3o precisa de receitas imagine quem est\u00e1 l\u00e1 na ponta cuidando das demandas do povo\u201d.<\/p>\n<p>Outro ponto a ser tratado pelos governadores \u00e9 a agenda com Ministro Ricardo Lewandowski, do Supremo Tribunal Federal, para entendimento sobre reten\u00e7\u00e3o de Fundo de Participa\u00e7\u00e3o dos Estados e Fundo de Participa\u00e7\u00e3o dos Munic\u00edpios por parte da Uni\u00e3o. Tr\u00eas a\u00e7\u00f5es tramitam no STF, as ACOs 3150 e 3151, tendo como relator o Lewandowski, que j\u00e1 realizou audi\u00eancia de Concilia\u00e7\u00e3o e deu prazo de 15 dias para governo federal abrir informa\u00e7\u00f5es sobre as receitas partilhadas com Estados e Munic\u00edpios.<\/p>\n<p>\u201cO prazo terminou e agora ou temos acordo ou vai a julgamento. Comprovado o n\u00e3o repasse \u00e9 um crime muito grave com penas fortes contra quem praticou. Novembro \u00faltimo, como resultado desta a\u00e7\u00e3o e da decis\u00e3o do Ministro Lewandowski \u00e0 Uni\u00e3o, pelo que vimos parou de reter nossas receitas. Resultado? S\u00e3o 20% de incremento em rela\u00e7\u00e3o ao mesmo m\u00eas de novembro de 2017. E a cobran\u00e7a \u00e9 devolver todo valor retido desde 2016, podendo chegar a R$ 14 bilh\u00f5es\u201d, finalizou, Wellington Dias.<\/p>\n<p><br clear=\"all\" \/><br clear=\"all\" \/><\/p>\n<p>Assessoria<\/p>\n","protected":false},"excerpt":{"rendered":"<p>Os governadores do Norte e Nordeste se reunir\u00e3o na pr\u00f3xima ter\u00e7a-feira, 04, novamente na representa\u00e7\u00e3o do Cear\u00e1 em Bras\u00edlia, o in\u00edcio da reuni\u00e3o est\u00e1 previsto&hellip; <\/p>\n","protected":false},"author":1,"featured_media":75151,"comment_status":"closed","ping_status":"closed","sticky":false,"template":"","format":"standard","meta":{"sfsi_plus_gutenberg_text_before_share":"","sfsi_plus_gutenberg_show_text_before_share":"","sfsi_plus_gutenberg_icon_type":"","sfsi_plus_gutenberg_icon_alignemt":"","sfsi_plus_gutenburg_max_per_row":"","footnotes":""},"categories":[50,11],"tags":[],"class_list":["post-75150","post","type-post","status-publish","format-standard","has-post-thumbnail","hentry","category-destaque","category-politica"],"_links":{"self":[{"href":"https:\/\/www.caririemacao.com\/1\/wp-json\/wp\/v2\/posts\/75150","targetHints":{"allow":["GET"]}}],"collection":[{"href":"https:\/\/www.caririemacao.com\/1\/wp-json\/wp\/v2\/posts"}],"about":[{"href":"https:\/\/www.caririemacao.com\/1\/wp-json\/wp\/v2\/types\/post"}],"author":[{"embeddable":true,"href":"https:\/\/www.caririemacao.com\/1\/wp-json\/wp\/v2\/users\/1"}],"replies":[{"embeddable":true,"href":"https:\/\/www.caririemacao.com\/1\/wp-json\/wp\/v2\/comments?post=75150"}],"version-history":[{"count":1,"href":"https:\/\/www.caririemacao.com\/1\/wp-json\/wp\/v2\/posts\/75150\/revisions"}],"predecessor-version":[{"id":75152,"href":"https:\/\/www.caririemacao.com\/1\/wp-json\/wp\/v2\/posts\/75150\/revisions\/75152"}],"wp:featuredmedia":[{"embeddable":true,"href":"https:\/\/www.caririemacao.com\/1\/wp-json\/wp\/v2\/media\/75151"}],"wp:attachment":[{"href":"https:\/\/www.caririemacao.com\/1\/wp-json\/wp\/v2\/media?parent=75150"}],"wp:term":[{"taxonomy":"category","embeddable":true,"href":"https:\/\/www.caririemacao.com\/1\/wp-json\/wp\/v2\/categories?post=75150"},{"taxonomy":"post_tag","embeddable":true,"href":"https:\/\/www.caririemacao.com\/1\/wp-json\/wp\/v2\/tags?post=75150"}],"curies":[{"name":"wp","href":"https:\/\/api.w.org\/{rel}","templated":true}]}}