{"id":75161,"date":"2018-12-02T14:59:52","date_gmt":"2018-12-02T17:59:52","guid":{"rendered":"http:\/\/www.caririemacao.com\/1\/?p=75161"},"modified":"2018-12-02T14:59:52","modified_gmt":"2018-12-02T17:59:52","slug":"temer-faz-balanco-de-realizacoes-sociais-do-governo","status":"publish","type":"post","link":"https:\/\/www.caririemacao.com\/1\/2018\/12\/02\/temer-faz-balanco-de-realizacoes-sociais-do-governo\/","title":{"rendered":"Temer faz balan\u00e7o de realiza\u00e7\u00f5es sociais do governo"},"content":{"rendered":"<p>O presidente Michel Temer fez neste s\u00e1bado (1\u00ba) um balan\u00e7o das realiza\u00e7\u00f5es do governo federal na regi\u00e3o Nordeste do pa\u00eds. Ao conceder entrevista para o cientista pol\u00edtico Ant\u00f4nio Lavareda, Temer mencionou os programas sociais que manteve e ampliou durante sua gest\u00e3o, recomendou que o presidente eleito Jair Bolsonaro promova a reforma da previd\u00eancia como uma das primeiras reformas e disse que vai continuar de alguma forma na pol\u00edtica, mas sem pleitear cargos.<\/p>\n<p>A entrevista foi veiculada no <em>Programa 20 Minutos<\/em>, da <em>TV Jornal<\/em>, afiliada do SBT em Pernambuco. Segundo Temer, a principal a\u00e7\u00e3o do governo dos dois anos e meio de mandato no Nordeste foi a continuidade dada ao projeto da Transposi\u00e7\u00e3o do S\u00e3o Francisco.<\/p>\n<p>\u201cNo meu governo n\u00f3s conseguimos concluir o Eixo Leste, que levou \u00e1gua para a Para\u00edba, e boa parte de Pernambuco. Agora estamos concluindo o Eixo Norte, que vai levar \u00e1gua para o Cear\u00e1, outras partes de Pernambuco e chegando ao Rio Grande do Norte, com previs\u00e3o [de entrega] no final de dezembro. As obras estavam paralisadas, n\u00f3s botamos, somando todas as verbas da transposi\u00e7\u00e3o de outros locais, de produ\u00e7\u00e3o de \u00e1gua, para o Nordeste, n\u00f3s investimos quase R$ 2 bilh\u00f5es de reais\u201d, disse.<\/p>\n<p>Quanto ao Bolsa Fam\u00edlia, Temer disse que al\u00e9m de zerar a fila das fam\u00edlias que aguardavam serem inclu\u00eddas no programa que o reajuste superior \u00e0 infla\u00e7\u00e3o no pagamento do benef\u00edcio trouxe um incremento de \u201cdinheiro substancioso na economia local\u201d. Ele lembrou do pente-fino que vem sendo feito pelo minist\u00e9rio do Desenvolvimento Social, eliminando fraudes, e da renegocia\u00e7\u00e3o das d\u00edvidas com produtores rurais, viabilizada ap\u00f3s envio de medida provis\u00f3ria ao Congresso.<\/p>\n<p>\u201cO que n\u00f3s fizemos em complemento ao Bolsa Fam\u00edlia foi criar um programa chamado Progredir. Voc\u00ea precisa fazer com que as pessoas, filhos dos bolsistas fam\u00edlia, tenham emprego. Fizemos contato com os empres\u00e1rios, e hoje s\u00e3o mais de 220 mil contrata\u00e7\u00f5es de filhos de bolsistas fam\u00edlia, na sua grande maioria. E esta \u00e9 a verdadeira inclus\u00e3o social\u201d, avaliou.<\/p>\n<p>Com rela\u00e7\u00e3o ao Programa Minha Casa, Minha Vida, Temer informou que mais da metade das mais de mil resid\u00eancias que foram entregues no \u00faltimo per\u00edodo por dia foram constru\u00eddas nos nove estados nordestinos. Ele defendeu a manuten\u00e7\u00e3o, pelo pr\u00f3ximo governo, do Programa Luz para Todos, o presidente disse ter ampliado o prazo para que o Brasil possa acabar com a estat\u00edstica de 2 milh\u00f5es de fam\u00edlias sem luz el\u00e9trica. Quanto \u00e0 concess\u00e3o de t\u00edtulos de regulariza\u00e7\u00e3o fundi\u00e1ria, Michel Temer contou que cerca de 12 mil t\u00edtulos de propriedade, dos mais de um milh\u00e3o em todo o Brasil, foram distribu\u00eddos em Pernambuco no ano passado.<\/p>\n<h2>Governo eleito<\/h2>\n<p>\u201cFazer a reforma da Previd\u00eancia \u00e9 indispens\u00e1vel. \u00c9 dif\u00edcil? \u00c9, mas as pessoas v\u00e3o entendendo aos poucos e acho que agora h\u00e1 uma compreens\u00e3o indispensabilidade dessa reforma. Eu acho que o novo governo far\u00e1 logo no in\u00edcio do seu governo, ter\u00e1 poder suficiente para fazer essa reforma, e ao mesmo tempo caminhar para uma simplifica\u00e7\u00e3o tribut\u00e1ria que enseja maiores investimentos e, portanto, mais empregos\u201d, disse, ao ser indagado sobre reformas que considera imperiosas para o pr\u00f3ximo governo.<\/p>\n<p>Sobre continuar ou n\u00e3o na vida p\u00fablica, Temer disse que n\u00e3o vai disputar nenhum cargo, mas prev\u00ea que seguir\u00e1 participando da pol\u00edtica nacional. \u201cEu estou h\u00e1 35 anos na vida p\u00fablica. Suponho, aqui uma mera suposi\u00e7\u00e3o, de que ainda de vez em quando serei procurado para dizer alguma coisa sobre a pol\u00edtica brasileira, enfim, um palpite qualquer. Acho que nesse sentido n\u00e3o sairei da pol\u00edtica. Agora se voc\u00ea me perguntar eu vou postular algum cargo, etc, isso eu n\u00e3o vou\u201d, afirmou.<\/p>\n<p>&nbsp;<\/p>\n<p>EBC<\/p>\n","protected":false},"excerpt":{"rendered":"<p>O presidente Michel Temer fez neste s\u00e1bado (1\u00ba) um balan\u00e7o das realiza\u00e7\u00f5es do governo federal na regi\u00e3o Nordeste do pa\u00eds. Ao conceder entrevista para o&hellip; <\/p>\n","protected":false},"author":1,"featured_media":40000,"comment_status":"closed","ping_status":"closed","sticky":false,"template":"","format":"standard","meta":{"sfsi_plus_gutenberg_text_before_share":"","sfsi_plus_gutenberg_show_text_before_share":"","sfsi_plus_gutenberg_icon_type":"","sfsi_plus_gutenberg_icon_alignemt":"","sfsi_plus_gutenburg_max_per_row":"","footnotes":""},"categories":[11],"tags":[],"class_list":["post-75161","post","type-post","status-publish","format-standard","has-post-thumbnail","hentry","category-politica"],"_links":{"self":[{"href":"https:\/\/www.caririemacao.com\/1\/wp-json\/wp\/v2\/posts\/75161","targetHints":{"allow":["GET"]}}],"collection":[{"href":"https:\/\/www.caririemacao.com\/1\/wp-json\/wp\/v2\/posts"}],"about":[{"href":"https:\/\/www.caririemacao.com\/1\/wp-json\/wp\/v2\/types\/post"}],"author":[{"embeddable":true,"href":"https:\/\/www.caririemacao.com\/1\/wp-json\/wp\/v2\/users\/1"}],"replies":[{"embeddable":true,"href":"https:\/\/www.caririemacao.com\/1\/wp-json\/wp\/v2\/comments?post=75161"}],"version-history":[{"count":1,"href":"https:\/\/www.caririemacao.com\/1\/wp-json\/wp\/v2\/posts\/75161\/revisions"}],"predecessor-version":[{"id":75162,"href":"https:\/\/www.caririemacao.com\/1\/wp-json\/wp\/v2\/posts\/75161\/revisions\/75162"}],"wp:featuredmedia":[{"embeddable":true,"href":"https:\/\/www.caririemacao.com\/1\/wp-json\/wp\/v2\/media\/40000"}],"wp:attachment":[{"href":"https:\/\/www.caririemacao.com\/1\/wp-json\/wp\/v2\/media?parent=75161"}],"wp:term":[{"taxonomy":"category","embeddable":true,"href":"https:\/\/www.caririemacao.com\/1\/wp-json\/wp\/v2\/categories?post=75161"},{"taxonomy":"post_tag","embeddable":true,"href":"https:\/\/www.caririemacao.com\/1\/wp-json\/wp\/v2\/tags?post=75161"}],"curies":[{"name":"wp","href":"https:\/\/api.w.org\/{rel}","templated":true}]}}