{"id":75167,"date":"2018-12-02T21:43:50","date_gmt":"2018-12-03T00:43:50","guid":{"rendered":"http:\/\/www.caririemacao.com\/1\/?p=75167"},"modified":"2018-12-02T21:43:50","modified_gmt":"2018-12-03T00:43:50","slug":"cnj-deve-julgar-este-mes-situacao-de-procedimentos-contra-sergio-moro","status":"publish","type":"post","link":"https:\/\/www.caririemacao.com\/1\/2018\/12\/02\/cnj-deve-julgar-este-mes-situacao-de-procedimentos-contra-sergio-moro\/","title":{"rendered":"CNJ deve julgar este m\u00eas situa\u00e7\u00e3o de procedimentos contra S\u00e9rgio Moro"},"content":{"rendered":"<p>O Conselho Nacional de Justi\u00e7a (CNJ) deve julgar no dia 11 de dezembro a situa\u00e7\u00e3o dos procedimentos disciplinares que foram abertos contra ex-juiz Sergio Moro, futuro ministro da Justi\u00e7a no governo do presidente eleito, Jair Bolsonaro. As informa\u00e7\u00f5es s\u00e3o da Ag\u00eancia Brasil.<\/p>\n<p>S\u00e3o alvo de questionamentos no conselho atos do juiz como decis\u00f5es envolvendo o habeas corpus concedido pelo desembargador Rogerio Favreto ao ex-presidente Luiz In\u00e1cio Lula da Silva, em julho.<\/p>\n<p>Durante a sess\u00e3o, os conselheiros devem decidir se os procedimentos ser\u00e3o arquivados diante do pedido de exonera\u00e7\u00e3o feito por Moro para assumir o minist\u00e9rio da Justi\u00e7a. Com a exonera\u00e7\u00e3o, publicada no dia 19 de novembro, Moro n\u00e3o \u00e9 mais magistrado.<\/p>\n<p>Antigo respons\u00e1vel pelos processos da Opera\u00e7\u00e3o Lava Jato na 13\u00aa Vara Criminal de Curitiba, Moro nega qualquer irregularidade em sua conduta e diz que a decis\u00e3o de ingressar no governo eleito ocorreu depois de decis\u00f5es tomadas por ele na Lava Jato.<\/p>\n<p>&nbsp;<\/p>\n<p>FOLHA PRESS<\/p>\n","protected":false},"excerpt":{"rendered":"<p>O Conselho Nacional de Justi\u00e7a (CNJ) deve julgar no dia 11 de dezembro a situa\u00e7\u00e3o dos procedimentos disciplinares que foram abertos contra ex-juiz Sergio Moro,&hellip; <\/p>\n","protected":false},"author":1,"featured_media":34510,"comment_status":"closed","ping_status":"closed","sticky":false,"template":"","format":"standard","meta":{"sfsi_plus_gutenberg_text_before_share":"","sfsi_plus_gutenberg_show_text_before_share":"","sfsi_plus_gutenberg_icon_type":"","sfsi_plus_gutenberg_icon_alignemt":"","sfsi_plus_gutenburg_max_per_row":"","footnotes":""},"categories":[50,11],"tags":[],"class_list":["post-75167","post","type-post","status-publish","format-standard","has-post-thumbnail","hentry","category-destaque","category-politica"],"_links":{"self":[{"href":"https:\/\/www.caririemacao.com\/1\/wp-json\/wp\/v2\/posts\/75167","targetHints":{"allow":["GET"]}}],"collection":[{"href":"https:\/\/www.caririemacao.com\/1\/wp-json\/wp\/v2\/posts"}],"about":[{"href":"https:\/\/www.caririemacao.com\/1\/wp-json\/wp\/v2\/types\/post"}],"author":[{"embeddable":true,"href":"https:\/\/www.caririemacao.com\/1\/wp-json\/wp\/v2\/users\/1"}],"replies":[{"embeddable":true,"href":"https:\/\/www.caririemacao.com\/1\/wp-json\/wp\/v2\/comments?post=75167"}],"version-history":[{"count":1,"href":"https:\/\/www.caririemacao.com\/1\/wp-json\/wp\/v2\/posts\/75167\/revisions"}],"predecessor-version":[{"id":75168,"href":"https:\/\/www.caririemacao.com\/1\/wp-json\/wp\/v2\/posts\/75167\/revisions\/75168"}],"wp:featuredmedia":[{"embeddable":true,"href":"https:\/\/www.caririemacao.com\/1\/wp-json\/wp\/v2\/media\/34510"}],"wp:attachment":[{"href":"https:\/\/www.caririemacao.com\/1\/wp-json\/wp\/v2\/media?parent=75167"}],"wp:term":[{"taxonomy":"category","embeddable":true,"href":"https:\/\/www.caririemacao.com\/1\/wp-json\/wp\/v2\/categories?post=75167"},{"taxonomy":"post_tag","embeddable":true,"href":"https:\/\/www.caririemacao.com\/1\/wp-json\/wp\/v2\/tags?post=75167"}],"curies":[{"name":"wp","href":"https:\/\/api.w.org\/{rel}","templated":true}]}}