{"id":75169,"date":"2018-12-02T21:47:44","date_gmt":"2018-12-03T00:47:44","guid":{"rendered":"http:\/\/www.caririemacao.com\/1\/?p=75169"},"modified":"2018-12-02T21:47:44","modified_gmt":"2018-12-03T00:47:44","slug":"sao-paulo-joga-mal-perde-para-a-chape-e-fica-com-pre-libertadores","status":"publish","type":"post","link":"https:\/\/www.caririemacao.com\/1\/2018\/12\/02\/sao-paulo-joga-mal-perde-para-a-chape-e-fica-com-pre-libertadores\/","title":{"rendered":"S\u00e3o Paulo joga mal, perde para a Chape e fica com Pr\u00e9-Libertadores"},"content":{"rendered":"<p>S\u00e3o Paulo n\u00e3o conseguiu terminar a temporada com a classifica\u00e7\u00e3o direta \u00e0 fase de grupos da Copa Libertadores. Visitando a Chapecoense neste domingo, pela \u00faltima rodada do Campeonato Brasileiro, o Tricolor mais uma vez teve uma atua\u00e7\u00e3o apagada e acabou sendo derrotado por 1 a 0 gra\u00e7as ao gol irregular de Leandro Pereira.<\/p>\n<p class=\"selectionShareable\">Precisando de uma vit\u00f3ria e ainda contar com um trope\u00e7o do Gr\u00eamio contra o Corinthians, em Porto Alegre, o S\u00e3o Paulo sequer fez sua parte. O Tricolor ga\u00facho, por sua vez, fez o dever de casa e venceu o Tim\u00e3o no Rio Grande do Sul, evitando assim a fase preliminar da Libertadores.<\/p>\n<p class=\"selectionShareable\">Se o S\u00e3o Paulo n\u00e3o conseguiu terminar a temporada de forma positiva, a Chapecoense ao menos se livrou daquele que seria seu primeiro rebaixamento depois que passou a disputar a S\u00e9rie A do Campeonato Brasileiro. Com a vit\u00f3ria\u00a0 na Arena Cond\u00e1, o time sequer precisou contar com os resultados do Am\u00e9rica-MG contra o Fluminense e Sport contra o Santos, em Recife.<\/p>\n<div id=\"attachment_533082\" class=\"wp-caption aligncenter\"><img decoding=\"async\" class=\"wp-image-533082 size-medium lazyload\" data-src=\"https:\/\/paraibaonline.com.br\/wp-content\/uploads\/2018\/12\/sampa-567x351.jpg\" data-srcset=\"https:\/\/paraibaonline.com.br\/wp-content\/uploads\/2018\/12\/sampa-567x351.jpg 567w, https:\/\/paraibaonline.com.br\/wp-content\/uploads\/2018\/12\/sampa.jpg 800w\" alt=\"Foto: Divulga\u00e7\u00e3o\/S\u00e3o Paulo\" src=\"data:image\/svg+xml;base64,PHN2ZyB3aWR0aD0iMSIgaGVpZ2h0PSIxIiB4bWxucz0iaHR0cDovL3d3dy53My5vcmcvMjAwMC9zdmciPjwvc3ZnPg==\" style=\"--smush-placeholder-width: 567px; --smush-placeholder-aspect-ratio: 567\/351;\" \/><\/p>\n<p class=\"wp-caption-text\">Foto: Divulga\u00e7\u00e3o\/S\u00e3o Paulo<\/p>\n<\/div>\n<p class=\"selectionShareable\"><strong>O jogo \u2013<\/strong>\u00a0A Chapecoense come\u00e7ou o jogo a todo vapor e logo aos quatro minutos reclamou de um p\u00eanalti n\u00e3o marcado pelo \u00e1rbitro Wilton Pereira Sampaio. Wellington Paulista ficou bom a bola ap\u00f3s cruzamento de Eduardo, foi tocado por Arboleda e caiu dentro da \u00e1rea. O juiz, no entanto, n\u00e3o se deixou levar pelas contesta\u00e7\u00f5es dos donos da casa. Pouco depois, aos oito, Leandro Pereira recebeu na entrada da \u00e1rea e bateu firme, mandando \u00e0 direita do goleiro Jean.<\/p>\n<p class=\"selectionShareable\">O S\u00e3o Paulo s\u00f3 foi assustar a Chapecoense aos 19 minutos, depois de boa trama do ataque. Helinho encontrou Everton na esquerda, que tocou de primeira para Nen\u00ea. O camisa 10 dominou e bateu cruzado, mas n\u00e3o pegou muito forte na bola, facilitando o trabalho do goleiro Jandrei. J\u00e1 aos 24 minutos, Nen\u00ea teve outra grande oportunidade. Diego Souza ajeito a bola de cabe\u00e7a na medida para ele chegar batendo, por\u00e9m, novamente n\u00e3o finalizou certeiro, mandando a bola para a linha lateral.<\/p>\n<p class=\"selectionShareable\">Diante da inefici\u00eancia do S\u00e3o Paulo, a Chapecoense tratou de retomar o controle do jogo na reta final do primeiro tempo e por muito pouco n\u00e3o foi para o intervalo com a vantagem no placar. Aos 39 minutos, Canteros fez fila pela direita, com direito a drible da vaca dentro da \u00e1rea, mas ao cruzar rasteiro teve o passe interceptado pelo goleiro Jean. Na sequ\u00eancia, depois da cobran\u00e7a do escanteio, Lendro Pereira escorou para Wellington Paulista, que, tamb\u00e9m de cabe\u00e7a, carimbou a trave.<\/p>\n<p class=\"selectionShareable\">No segundo tempo, o S\u00e3o Paulo at\u00e9 come\u00e7ou melhor e tentou abrir o placar nos primeiros minutos, contudo, a predomin\u00e2ncia dos visitantes n\u00e3o durou muito tempo. Aos poucos, a Chapecoense equilibrou o jogo e, mais eficiente que os advers\u00e1rios, acabou indo \u00e0s redes. Aos 22, Canteros, que recebeu a bola em posi\u00e7\u00e3o irregular, fez \u00f3timo cruzamento pela direita, encontrando Leandro Pereira no meio da \u00e1rea. O atacante cabeceou firme, sem chances para o goleiro Jean, e correu para o abra\u00e7o.<\/p>\n<p class=\"selectionShareable\">Depois do gol, a Chapecoense adotou uma postura mais cautelosa, mas n\u00e3o teve dificuldades para controlar o nem um pouco agressivo S\u00e3o Paulo. Bastou aos donos da casa apenas administrarem a vantagem nos minutos finais para se garantirem por mais uma temporada na elite do futebol nacional.<\/p>\n<p class=\"selectionShareable\"><strong>FICHA T\u00c9CNICA<br \/>\nCHAPECOENSE 1 X 0 S\u00c3O PAULO<\/strong><\/p>\n<p class=\"selectionShareable\"><strong>Local:<\/strong>\u00a0Arena Cond\u00e1, em Chapec\u00f3 (SC)<br \/>\n<strong>Data:<\/strong>\u00a02 de dezembro de 2018, domingo<br \/>\n<strong>Hor\u00e1rio:<\/strong>\u00a017h (de Bras\u00edlia)<br \/>\n<strong>\u00c1rbitro:<\/strong>\u00a0Wilton Pereira Sampaio (Fifa-GO)<br \/>\n<strong>Assistentes<\/strong>: Fabr\u00edcio Vilarinho da Silva (Fifa \u2013 GO) e Bruno Raphael Pires (Fifa \u2013 GO)<\/p>\n<p class=\"selectionShareable\"><strong>Gols:\u00a0<\/strong>Leandro Pereira, aos 22 minutos do 2\u00baT (Chapecoense)<br \/>\n<strong>Cart\u00f5es amarelos:\u00a0<\/strong>Jean e Arboleda (S\u00e3o Paulo)<\/p>\n<p class=\"selectionShareable\"><strong>CHAPECOENSE:<\/strong>\u00a0Jandrei; Eduardo, Douglas, Fabr\u00edcio Bruno e Bruno Pacheco; Canteros (Elicarlos), Amaral, M\u00e1rcio Ara\u00fajo e Diego Torres (Bruno Silva); Wellington Paulista e Leandro Pereira (Osman)<br \/>\n<strong>T\u00e9cnico:<\/strong>\u00a0Claudinei Oliveira<\/p>\n<p class=\"selectionShareable\"><strong>S\u00c3O PAULO:<\/strong>\u00a0Jean; Araruna, Arboleda, Bruno Alves e Edimar (Shaylon); Hudson, Liziero e Nen\u00ea (Igor Gomes); Helinho, Diego Souza (Brenner) e Everton<br \/>\n<strong>T\u00e9cnico:<\/strong>\u00a0Andr\u00e9 Jardine<\/p>\n<p>&nbsp;<\/p>\n<p>Gazeta.net<\/p>\n","protected":false},"excerpt":{"rendered":"<p>S\u00e3o Paulo n\u00e3o conseguiu terminar a temporada com a classifica\u00e7\u00e3o direta \u00e0 fase de grupos da Copa Libertadores. Visitando a Chapecoense neste domingo, pela \u00faltima&hellip; <\/p>\n","protected":false},"author":1,"featured_media":75170,"comment_status":"closed","ping_status":"closed","sticky":false,"template":"","format":"standard","meta":{"sfsi_plus_gutenberg_text_before_share":"","sfsi_plus_gutenberg_show_text_before_share":"","sfsi_plus_gutenberg_icon_type":"","sfsi_plus_gutenberg_icon_alignemt":"","sfsi_plus_gutenburg_max_per_row":"","footnotes":""},"categories":[13],"tags":[],"class_list":["post-75169","post","type-post","status-publish","format-standard","has-post-thumbnail","hentry","category-esportes"],"_links":{"self":[{"href":"https:\/\/www.caririemacao.com\/1\/wp-json\/wp\/v2\/posts\/75169","targetHints":{"allow":["GET"]}}],"collection":[{"href":"https:\/\/www.caririemacao.com\/1\/wp-json\/wp\/v2\/posts"}],"about":[{"href":"https:\/\/www.caririemacao.com\/1\/wp-json\/wp\/v2\/types\/post"}],"author":[{"embeddable":true,"href":"https:\/\/www.caririemacao.com\/1\/wp-json\/wp\/v2\/users\/1"}],"replies":[{"embeddable":true,"href":"https:\/\/www.caririemacao.com\/1\/wp-json\/wp\/v2\/comments?post=75169"}],"version-history":[{"count":1,"href":"https:\/\/www.caririemacao.com\/1\/wp-json\/wp\/v2\/posts\/75169\/revisions"}],"predecessor-version":[{"id":75171,"href":"https:\/\/www.caririemacao.com\/1\/wp-json\/wp\/v2\/posts\/75169\/revisions\/75171"}],"wp:featuredmedia":[{"embeddable":true,"href":"https:\/\/www.caririemacao.com\/1\/wp-json\/wp\/v2\/media\/75170"}],"wp:attachment":[{"href":"https:\/\/www.caririemacao.com\/1\/wp-json\/wp\/v2\/media?parent=75169"}],"wp:term":[{"taxonomy":"category","embeddable":true,"href":"https:\/\/www.caririemacao.com\/1\/wp-json\/wp\/v2\/categories?post=75169"},{"taxonomy":"post_tag","embeddable":true,"href":"https:\/\/www.caririemacao.com\/1\/wp-json\/wp\/v2\/tags?post=75169"}],"curies":[{"name":"wp","href":"https:\/\/api.w.org\/{rel}","templated":true}]}}