{"id":75181,"date":"2018-12-03T10:52:16","date_gmt":"2018-12-03T13:52:16","guid":{"rendered":"http:\/\/www.caririemacao.com\/1\/?p=75181"},"modified":"2018-12-03T11:33:50","modified_gmt":"2018-12-03T14:33:50","slug":"ii-sanfona-fest-e-realizada-em-camalau-e-organizacao-agradece-pelo-sucesso","status":"publish","type":"post","link":"https:\/\/www.caririemacao.com\/1\/2018\/12\/03\/ii-sanfona-fest-e-realizada-em-camalau-e-organizacao-agradece-pelo-sucesso\/","title":{"rendered":"II Sanfona Fest \u00e9 realizada em Camala\u00fa e organiza\u00e7\u00e3o agradece pelo sucesso"},"content":{"rendered":"<p>O segundo Festival Regional de Sanfoneiros e Tocadores de fole foi promovido na \u00faltima sexta-feira, dia 30 de novembro, na cidade de Camala\u00fa, no Cariri Paraibano.<\/p>\n<p><img fetchpriority=\"high\" decoding=\"async\" class=\"alignnone wp-image-75182 size-full\" src=\"http:\/\/www.caririemacao.com\/1\/wp-content\/uploads\/2018\/12\/47223859_581725652249427_2256951480927911936_n.jpg\" alt=\"\" width=\"720\" height=\"960\" srcset=\"https:\/\/www.caririemacao.com\/1\/wp-content\/uploads\/2018\/12\/47223859_581725652249427_2256951480927911936_n.jpg 720w, https:\/\/www.caririemacao.com\/1\/wp-content\/uploads\/2018\/12\/47223859_581725652249427_2256951480927911936_n-225x300.jpg 225w\" sizes=\"(max-width: 720px) 100vw, 720px\" \/><\/p>\n<p>A programa\u00e7\u00e3o contou com Palestra Show de Mahatma Costa (Campe\u00e3o do Campeonato Mundial de Sanfona), Arrast\u00e3o das Sanfonas e Festival de Sanfoneiros e Tocadores de Fole.<\/p>\n<p><img decoding=\"async\" class=\"alignnone wp-image-75184 size-full lazyload\" data-src=\"http:\/\/www.caririemacao.com\/1\/wp-content\/uploads\/2018\/12\/47325012_581726095582716_1968870088601763840_n.jpg\" alt=\"\" width=\"960\" height=\"720\" data-srcset=\"https:\/\/www.caririemacao.com\/1\/wp-content\/uploads\/2018\/12\/47325012_581726095582716_1968870088601763840_n.jpg 960w, https:\/\/www.caririemacao.com\/1\/wp-content\/uploads\/2018\/12\/47325012_581726095582716_1968870088601763840_n-300x225.jpg 300w, https:\/\/www.caririemacao.com\/1\/wp-content\/uploads\/2018\/12\/47325012_581726095582716_1968870088601763840_n-768x576.jpg 768w\" data-sizes=\"(max-width: 960px) 100vw, 960px\" src=\"data:image\/svg+xml;base64,PHN2ZyB3aWR0aD0iMSIgaGVpZ2h0PSIxIiB4bWxucz0iaHR0cDovL3d3dy53My5vcmcvMjAwMC9zdmciPjwvc3ZnPg==\" style=\"--smush-placeholder-width: 960px; --smush-placeholder-aspect-ratio: 960\/720;\" \/><\/p>\n<p>Toda a programa\u00e7\u00e3o foi realizada na Pra\u00e7a de Eventos. Durante o festival, o sanfoneiro Z\u00e9 Miguel foi um dos homenageados.<\/p>\n<p><img decoding=\"async\" class=\"alignnone wp-image-75185 size-full lazyload\" data-src=\"http:\/\/www.caririemacao.com\/1\/wp-content\/uploads\/2018\/12\/47486703_581726058916053_6261477781108948992_n.jpg\" alt=\"\" width=\"960\" height=\"720\" data-srcset=\"https:\/\/www.caririemacao.com\/1\/wp-content\/uploads\/2018\/12\/47486703_581726058916053_6261477781108948992_n.jpg 960w, https:\/\/www.caririemacao.com\/1\/wp-content\/uploads\/2018\/12\/47486703_581726058916053_6261477781108948992_n-300x225.jpg 300w, https:\/\/www.caririemacao.com\/1\/wp-content\/uploads\/2018\/12\/47486703_581726058916053_6261477781108948992_n-768x576.jpg 768w\" data-sizes=\"(max-width: 960px) 100vw, 960px\" src=\"data:image\/svg+xml;base64,PHN2ZyB3aWR0aD0iMSIgaGVpZ2h0PSIxIiB4bWxucz0iaHR0cDovL3d3dy53My5vcmcvMjAwMC9zdmciPjwvc3ZnPg==\" style=\"--smush-placeholder-width: 960px; --smush-placeholder-aspect-ratio: 960\/720;\" \/><\/p>\n<p>O festival foi uma realiza\u00e7\u00e3o da Sanf\u00f4nica Mirim e do professor Ezequiel S\u00f3stenes com o apoio das prefeituras de Camala\u00fa, Monteiro, Serra Branca, Congo, Coxixola e Cara\u00fabas.<\/p>\n<p><img decoding=\"async\" class=\"alignnone wp-image-75186 size-full lazyload\" data-src=\"http:\/\/www.caririemacao.com\/1\/wp-content\/uploads\/2018\/12\/47688579_581725592249433_4828441477279383552_n.jpg\" alt=\"\" width=\"960\" height=\"720\" data-srcset=\"https:\/\/www.caririemacao.com\/1\/wp-content\/uploads\/2018\/12\/47688579_581725592249433_4828441477279383552_n.jpg 960w, https:\/\/www.caririemacao.com\/1\/wp-content\/uploads\/2018\/12\/47688579_581725592249433_4828441477279383552_n-300x225.jpg 300w, https:\/\/www.caririemacao.com\/1\/wp-content\/uploads\/2018\/12\/47688579_581725592249433_4828441477279383552_n-768x576.jpg 768w\" data-sizes=\"(max-width: 960px) 100vw, 960px\" src=\"data:image\/svg+xml;base64,PHN2ZyB3aWR0aD0iMSIgaGVpZ2h0PSIxIiB4bWxucz0iaHR0cDovL3d3dy53My5vcmcvMjAwMC9zdmciPjwvc3ZnPg==\" style=\"--smush-placeholder-width: 960px; --smush-placeholder-aspect-ratio: 960\/720;\" \/><\/p>\n<p>Na rede social, o professor e vice-prefeito Ezequiel S\u00f3stenes agradeceu o apoio de todos e atribuiu o sucesso as parcerias realizadas para a organiza\u00e7\u00e3o do evento.<\/p>\n<p><strong>VEJA NA INTEGRA AGRADECIMENTOS DE EZEQUIEL S\u00d3STENES:<\/strong><\/p>\n<p>Um dia hist\u00f3rico para a cultura caririzeira! II Festival Regional de Sanfoneiros e de Tocadores de Fole. Deus tem nos proporcionado a b\u00ean\u00e7\u00e3o de experimentar momentos de profunda grandeza e emo\u00e7\u00e3o, momentos que representam muita dedica\u00e7\u00e3o, planejamento, parcerias, sonhos, projetos, trabalho e realiza\u00e7\u00e3o.<\/p>\n<p>Mais dif\u00edcil do que executar este feito, certamente \u00e9 encontrar palavras que representem de forma sincera o nosso sentimento neste momento, sendo assim, irei me resumir ao agradecimento intenso, abrangente e permanente \u00e0 todos os envolvidos que sonharam e que viveram este sonho comigo. Somos do tamanho dos nossos sonhos, o poder que temos de sonhar, \u00e9 o mesmo que tivemos para realizar, pois colhemos apenas o que plantamos em uma terra adubada com conhecimento e irrigada com suor.<\/p>\n<p>Quero aqui agradecer inicialmente aos gestores em exerc\u00edcio das Prefeituras de Camala\u00fa, Congo, Coxixola, Cara\u00fabas, Serra Branca e Monteiro, respectivamente, Sandro M\u00f4co, J\u00fanior Quirino, Givaldo, Silvano, Sousinha e Celecileno, pelo apoio oferecido em nosso evento. Agradecer de uma maneira especial aos Secret\u00e1rios municipais Mar\u00edcia, Jeferson (Congo), Fl\u00e1via (Cara\u00fabas) e Fabr\u00edcio, al\u00e9m do Diretor de Esportes Lilinha. Aos meus amados alunos e as Filhas de J\u00f3.<\/p>\n<p>Agradecer a presen\u00e7a e apoio dos vereadores Bhira Mariano e Bezerra. Agradecer aos envolvidos na produ\u00e7\u00e3o do evento: C\u00e9sar, Bruno, Aninha, Rog\u00e9rio, Th\u00e1fila, Jhenifer, Edvanildo, Xanda. Agradecer ao apoio da fam\u00edlia Chupita e ao poeta Mauric\u00e9lio. Agradecer aos funcion\u00e1rios p\u00fablicos municipais que nos apoiaram na infraestrutura. Tamb\u00e9m aos comunicadores que divulgaram o nosso evento.<\/p>\n<p>Ao ex\u00edmio acordeonista Mahatma Costa, pela palestra show. Aos m\u00fasicos da banda que acompanhou os sanfoneiros. Aos quase cem artistas que abrilhantaram a noite, estes dos Estados do Rio Grande do Norte, da Para\u00edba e de Pernambuco. Aos professores de m\u00fasica Civaldo Andrade e Claudinho pelo apoio e parceria.<\/p>\n<p>As centenas de admirados que abrilhantaram ainda mais o nosso evento com as suas presen\u00e7as. Enfim, s\u00e3o muitos e s\u00e3o tantos, que tememos no lapso do esquecimento, mas que com certeza as corre\u00e7\u00f5es aqui ser\u00e3o devidas caso isso ocorra. Parabenizar mais uma vez o nosso artista Camalauense Z\u00e9 Miguel, que foi o homenageado da noite. Camala\u00fa foi palco de um evento que marcou hist\u00f3ria e que enalteceu a cultura caririzeira, o futuro nos espera, na \u00e2nsia de nos apresentar os frutos desse empreendimento. Obrigado meu Deus!<\/p>\n","protected":false},"excerpt":{"rendered":"<p>O segundo Festival Regional de Sanfoneiros e Tocadores de fole foi promovido na \u00faltima sexta-feira, dia 30 de novembro, na cidade de Camala\u00fa, no Cariri&hellip; <\/p>\n","protected":false},"author":2,"featured_media":75183,"comment_status":"closed","ping_status":"closed","sticky":false,"template":"","format":"standard","meta":{"sfsi_plus_gutenberg_text_before_share":"","sfsi_plus_gutenberg_show_text_before_share":"","sfsi_plus_gutenberg_icon_type":"","sfsi_plus_gutenberg_icon_alignemt":"","sfsi_plus_gutenburg_max_per_row":"","footnotes":""},"categories":[50,2],"tags":[],"class_list":["post-75181","post","type-post","status-publish","format-standard","has-post-thumbnail","hentry","category-destaque","category-geral"],"_links":{"self":[{"href":"https:\/\/www.caririemacao.com\/1\/wp-json\/wp\/v2\/posts\/75181","targetHints":{"allow":["GET"]}}],"collection":[{"href":"https:\/\/www.caririemacao.com\/1\/wp-json\/wp\/v2\/posts"}],"about":[{"href":"https:\/\/www.caririemacao.com\/1\/wp-json\/wp\/v2\/types\/post"}],"author":[{"embeddable":true,"href":"https:\/\/www.caririemacao.com\/1\/wp-json\/wp\/v2\/users\/2"}],"replies":[{"embeddable":true,"href":"https:\/\/www.caririemacao.com\/1\/wp-json\/wp\/v2\/comments?post=75181"}],"version-history":[{"count":1,"href":"https:\/\/www.caririemacao.com\/1\/wp-json\/wp\/v2\/posts\/75181\/revisions"}],"predecessor-version":[{"id":75187,"href":"https:\/\/www.caririemacao.com\/1\/wp-json\/wp\/v2\/posts\/75181\/revisions\/75187"}],"wp:featuredmedia":[{"embeddable":true,"href":"https:\/\/www.caririemacao.com\/1\/wp-json\/wp\/v2\/media\/75183"}],"wp:attachment":[{"href":"https:\/\/www.caririemacao.com\/1\/wp-json\/wp\/v2\/media?parent=75181"}],"wp:term":[{"taxonomy":"category","embeddable":true,"href":"https:\/\/www.caririemacao.com\/1\/wp-json\/wp\/v2\/categories?post=75181"},{"taxonomy":"post_tag","embeddable":true,"href":"https:\/\/www.caririemacao.com\/1\/wp-json\/wp\/v2\/tags?post=75181"}],"curies":[{"name":"wp","href":"https:\/\/api.w.org\/{rel}","templated":true}]}}