{"id":75192,"date":"2018-12-03T12:03:15","date_gmt":"2018-12-03T15:03:15","guid":{"rendered":"http:\/\/www.caririemacao.com\/1\/?p=75192"},"modified":"2018-12-03T12:03:15","modified_gmt":"2018-12-03T15:03:15","slug":"ricardo-coutinho-visita-monteiro-nesta-terca-e-fara-entrega-de-obras","status":"publish","type":"post","link":"https:\/\/www.caririemacao.com\/1\/2018\/12\/03\/ricardo-coutinho-visita-monteiro-nesta-terca-e-fara-entrega-de-obras\/","title":{"rendered":"Ricardo Coutinho visita Monteiro nesta ter\u00e7a e far\u00e1 entrega de obras"},"content":{"rendered":"<p>O governador Ricardo Coutinho cumpre uma extensa agenda nesta ter\u00e7a-feira, 04, a partir das 10h, na cidade de Monteiro, no Cariri paraibano.Na oportunidade, Ricardo far\u00e1 a entrega do Aer\u00f3dromo de Monteiro, e a sede pr\u00f3pria do Campus IV da Universidade Estadual da Para\u00edba.<\/p>\n<p>O governador ainda far\u00e1 a entrega de um caminh\u00e3o para a Capribom, em solenidade na sede da Cooperativa.<\/p>\n","protected":false},"excerpt":{"rendered":"<p>O governador Ricardo Coutinho cumpre uma extensa agenda nesta ter\u00e7a-feira, 04, a partir das 10h, na cidade de Monteiro, no Cariri paraibano.Na oportunidade, Ricardo far\u00e1&hellip; <\/p>\n","protected":false},"author":1,"featured_media":43797,"comment_status":"closed","ping_status":"closed","sticky":false,"template":"","format":"standard","meta":{"sfsi_plus_gutenberg_text_before_share":"","sfsi_plus_gutenberg_show_text_before_share":"","sfsi_plus_gutenberg_icon_type":"","sfsi_plus_gutenberg_icon_alignemt":"","sfsi_plus_gutenburg_max_per_row":"","footnotes":""},"categories":[6],"tags":[],"class_list":["post-75192","post","type-post","status-publish","format-standard","has-post-thumbnail","hentry","category-cidades"],"_links":{"self":[{"href":"https:\/\/www.caririemacao.com\/1\/wp-json\/wp\/v2\/posts\/75192","targetHints":{"allow":["GET"]}}],"collection":[{"href":"https:\/\/www.caririemacao.com\/1\/wp-json\/wp\/v2\/posts"}],"about":[{"href":"https:\/\/www.caririemacao.com\/1\/wp-json\/wp\/v2\/types\/post"}],"author":[{"embeddable":true,"href":"https:\/\/www.caririemacao.com\/1\/wp-json\/wp\/v2\/users\/1"}],"replies":[{"embeddable":true,"href":"https:\/\/www.caririemacao.com\/1\/wp-json\/wp\/v2\/comments?post=75192"}],"version-history":[{"count":1,"href":"https:\/\/www.caririemacao.com\/1\/wp-json\/wp\/v2\/posts\/75192\/revisions"}],"predecessor-version":[{"id":75194,"href":"https:\/\/www.caririemacao.com\/1\/wp-json\/wp\/v2\/posts\/75192\/revisions\/75194"}],"wp:featuredmedia":[{"embeddable":true,"href":"https:\/\/www.caririemacao.com\/1\/wp-json\/wp\/v2\/media\/43797"}],"wp:attachment":[{"href":"https:\/\/www.caririemacao.com\/1\/wp-json\/wp\/v2\/media?parent=75192"}],"wp:term":[{"taxonomy":"category","embeddable":true,"href":"https:\/\/www.caririemacao.com\/1\/wp-json\/wp\/v2\/categories?post=75192"},{"taxonomy":"post_tag","embeddable":true,"href":"https:\/\/www.caririemacao.com\/1\/wp-json\/wp\/v2\/tags?post=75192"}],"curies":[{"name":"wp","href":"https:\/\/api.w.org\/{rel}","templated":true}]}}