{"id":75195,"date":"2018-12-03T12:07:16","date_gmt":"2018-12-03T15:07:16","guid":{"rendered":"http:\/\/www.caririemacao.com\/1\/?p=75195"},"modified":"2018-12-03T12:07:16","modified_gmt":"2018-12-03T15:07:16","slug":"empresario-monteirense-e-assaltado-enquanto-participava-de-trilha-no-cariri","status":"publish","type":"post","link":"https:\/\/www.caririemacao.com\/1\/2018\/12\/03\/empresario-monteirense-e-assaltado-enquanto-participava-de-trilha-no-cariri\/","title":{"rendered":"Empres\u00e1rio Monteirense \u00e9 assaltado enquanto participava de trilha no cariri"},"content":{"rendered":"<p>Na tarde deste domingo (02), mais um assalto foi registrado em um evento de trilha na cidade de Caraubas, regi\u00e3o do cariri paraibano.<\/p>\n<p>De acordo com informa\u00e7\u00f5es, dois homens se passando por trilheiros na TRILHA DO CALANGO, fizeram uma tocaia, abordaram e renderam alguns participantes, tomando por assalto alguns objetos e pertences, entre as v\u00edtimas estavam o empres\u00e1rio Monteirense Edmilson e o seu filho.<\/p>\n<p>Na sa\u00edda levaram a moto de trilha de Edmilson.<br \/>\nA pol\u00edcia est\u00e1 em dilig\u00eancia, mas at\u00e9 o momento n\u00e3o tem pistas dos assaltantes.<\/p>\n<p><strong>HORA1PB<\/strong><\/p>\n","protected":false},"excerpt":{"rendered":"<p>Na tarde deste domingo (02), mais um assalto foi registrado em um evento de trilha na cidade de Caraubas, regi\u00e3o do cariri paraibano. De acordo&hellip; <\/p>\n","protected":false},"author":1,"featured_media":75196,"comment_status":"closed","ping_status":"closed","sticky":false,"template":"","format":"standard","meta":{"sfsi_plus_gutenberg_text_before_share":"","sfsi_plus_gutenberg_show_text_before_share":"","sfsi_plus_gutenberg_icon_type":"","sfsi_plus_gutenberg_icon_alignemt":"","sfsi_plus_gutenburg_max_per_row":"","footnotes":""},"categories":[12],"tags":[],"class_list":["post-75195","post","type-post","status-publish","format-standard","has-post-thumbnail","hentry","category-policia"],"_links":{"self":[{"href":"https:\/\/www.caririemacao.com\/1\/wp-json\/wp\/v2\/posts\/75195","targetHints":{"allow":["GET"]}}],"collection":[{"href":"https:\/\/www.caririemacao.com\/1\/wp-json\/wp\/v2\/posts"}],"about":[{"href":"https:\/\/www.caririemacao.com\/1\/wp-json\/wp\/v2\/types\/post"}],"author":[{"embeddable":true,"href":"https:\/\/www.caririemacao.com\/1\/wp-json\/wp\/v2\/users\/1"}],"replies":[{"embeddable":true,"href":"https:\/\/www.caririemacao.com\/1\/wp-json\/wp\/v2\/comments?post=75195"}],"version-history":[{"count":1,"href":"https:\/\/www.caririemacao.com\/1\/wp-json\/wp\/v2\/posts\/75195\/revisions"}],"predecessor-version":[{"id":75197,"href":"https:\/\/www.caririemacao.com\/1\/wp-json\/wp\/v2\/posts\/75195\/revisions\/75197"}],"wp:featuredmedia":[{"embeddable":true,"href":"https:\/\/www.caririemacao.com\/1\/wp-json\/wp\/v2\/media\/75196"}],"wp:attachment":[{"href":"https:\/\/www.caririemacao.com\/1\/wp-json\/wp\/v2\/media?parent=75195"}],"wp:term":[{"taxonomy":"category","embeddable":true,"href":"https:\/\/www.caririemacao.com\/1\/wp-json\/wp\/v2\/categories?post=75195"},{"taxonomy":"post_tag","embeddable":true,"href":"https:\/\/www.caririemacao.com\/1\/wp-json\/wp\/v2\/tags?post=75195"}],"curies":[{"name":"wp","href":"https:\/\/api.w.org\/{rel}","templated":true}]}}