{"id":75203,"date":"2018-12-03T12:23:09","date_gmt":"2018-12-03T15:23:09","guid":{"rendered":"http:\/\/www.caririemacao.com\/1\/?p=75203"},"modified":"2018-12-03T12:23:09","modified_gmt":"2018-12-03T15:23:09","slug":"215-jovens-sao-crismados-na-paroquia-nossa-senhora-da-conceicao-em-taperoa-pb","status":"publish","type":"post","link":"https:\/\/www.caririemacao.com\/1\/2018\/12\/03\/215-jovens-sao-crismados-na-paroquia-nossa-senhora-da-conceicao-em-taperoa-pb\/","title":{"rendered":"215 jovens s\u00e3o crismados na Par\u00f3quia Nossa Senhora da Concei\u00e7\u00e3o em Tapero\u00e1\/PB"},"content":{"rendered":"<p>Na noite da \u00faltima sexta-feira, dia 30, a Par\u00f3quia Nossa Senhora da Concei\u00e7\u00e3o, na cidade de Tapero\u00e1, Cariri Paraibano, celebrou a confirma\u00e7\u00e3o do batismo de 215 jovens, pelo sacramento da crisma.<\/p>\n<p><img fetchpriority=\"high\" decoding=\"async\" class=\"alignnone wp-image-75210 size-full\" src=\"http:\/\/www.caririemacao.com\/1\/wp-content\/uploads\/2018\/12\/47249477_1419399238196095_8252867929431867392_n.jpg\" alt=\"\" width=\"800\" height=\"533\" srcset=\"https:\/\/www.caririemacao.com\/1\/wp-content\/uploads\/2018\/12\/47249477_1419399238196095_8252867929431867392_n.jpg 800w, https:\/\/www.caririemacao.com\/1\/wp-content\/uploads\/2018\/12\/47249477_1419399238196095_8252867929431867392_n-300x200.jpg 300w, https:\/\/www.caririemacao.com\/1\/wp-content\/uploads\/2018\/12\/47249477_1419399238196095_8252867929431867392_n-768x512.jpg 768w\" sizes=\"(max-width: 800px) 100vw, 800px\" \/><\/p>\n<p>A celebra\u00e7\u00e3o foi presidida por Dom Eraldo Bispo da Silva da Diocese de Patos e concelebrada pelo padre Luciano Dias de Morais.<\/p>\n<p><img decoding=\"async\" class=\"alignnone size-medium wp-image-75212 lazyload\" data-src=\"http:\/\/www.caririemacao.com\/1\/wp-content\/uploads\/2018\/12\/46847344_1419397624862923_6160886339911811072_n-300x200.jpg\" alt=\"\" width=\"300\" height=\"200\" data-srcset=\"https:\/\/www.caririemacao.com\/1\/wp-content\/uploads\/2018\/12\/46847344_1419397624862923_6160886339911811072_n-300x200.jpg 300w, https:\/\/www.caririemacao.com\/1\/wp-content\/uploads\/2018\/12\/46847344_1419397624862923_6160886339911811072_n-768x512.jpg 768w, https:\/\/www.caririemacao.com\/1\/wp-content\/uploads\/2018\/12\/46847344_1419397624862923_6160886339911811072_n.jpg 800w\" data-sizes=\"(max-width: 300px) 100vw, 300px\" src=\"data:image\/svg+xml;base64,PHN2ZyB3aWR0aD0iMSIgaGVpZ2h0PSIxIiB4bWxucz0iaHR0cDovL3d3dy53My5vcmcvMjAwMC9zdmciPjwvc3ZnPg==\" style=\"--smush-placeholder-width: 300px; --smush-placeholder-aspect-ratio: 300\/200;\" \/> <img decoding=\"async\" class=\"alignnone size-medium wp-image-75213 lazyload\" data-src=\"http:\/\/www.caririemacao.com\/1\/wp-content\/uploads\/2018\/12\/47438217_1419396141529738_3629974872450400256_n-300x200.jpg\" alt=\"\" width=\"300\" height=\"200\" data-srcset=\"https:\/\/www.caririemacao.com\/1\/wp-content\/uploads\/2018\/12\/47438217_1419396141529738_3629974872450400256_n-300x200.jpg 300w, https:\/\/www.caririemacao.com\/1\/wp-content\/uploads\/2018\/12\/47438217_1419396141529738_3629974872450400256_n-768x512.jpg 768w, https:\/\/www.caririemacao.com\/1\/wp-content\/uploads\/2018\/12\/47438217_1419396141529738_3629974872450400256_n.jpg 800w\" data-sizes=\"(max-width: 300px) 100vw, 300px\" src=\"data:image\/svg+xml;base64,PHN2ZyB3aWR0aD0iMSIgaGVpZ2h0PSIxIiB4bWxucz0iaHR0cDovL3d3dy53My5vcmcvMjAwMC9zdmciPjwvc3ZnPg==\" style=\"--smush-placeholder-width: 300px; --smush-placeholder-aspect-ratio: 300\/200;\" \/><\/p>\n<p><a href=\"https:\/\/www.facebook.com\/pg\/CaririEmAcao\/photos\/?tab=album&amp;album_id=1419393171530035\">VEJA FOTOS, CLICANDO AQUI:\u00a0<\/a><\/p>\n<p><div class=\"ose- ose-uid-8e4850c8d592c2417d757fcebfafffce ose-embedpress-responsive\" style=\"width:600px; height:550px; max-height:550px; max-width:100%; display:inline-block;\" data-embed-type=\"Facebook\"><iframe allowFullScreen=\"true\" class=\"embera-facebook-iframe-6cf46 lazyload\" data-src=\"https:\/\/www.facebook.com\/plugins\/post.php?href=https%3A%2F%2Fwww.facebook.com%2Fmedia%2Fset%2F%3Fset%3Da.1419393171530035%26%23038%3Btype%3D1%26%23038%3Bl%3D1cd7ba59c4&width=600&height=550&show_text=true\" width=\"600\" height=\"550\" style=\"border:none;overflow:hidden\" scrolling=\"no\" frameborder=\"0\" allowTransparency=\"true\" src=\"data:image\/svg+xml;base64,PHN2ZyB3aWR0aD0iMSIgaGVpZ2h0PSIxIiB4bWxucz0iaHR0cDovL3d3dy53My5vcmcvMjAwMC9zdmciPjwvc3ZnPg==\" data-load-mode=\"1\"><\/iframe><\/div><\/p>\n","protected":false},"excerpt":{"rendered":"<p>Na noite da \u00faltima sexta-feira, dia 30, a Par\u00f3quia Nossa Senhora da Concei\u00e7\u00e3o, na cidade de Tapero\u00e1, Cariri Paraibano, celebrou a confirma\u00e7\u00e3o do batismo de&hellip; <\/p>\n","protected":false},"author":2,"featured_media":75211,"comment_status":"closed","ping_status":"closed","sticky":false,"template":"","format":"standard","meta":{"sfsi_plus_gutenberg_text_before_share":"","sfsi_plus_gutenberg_show_text_before_share":"","sfsi_plus_gutenberg_icon_type":"","sfsi_plus_gutenberg_icon_alignemt":"","sfsi_plus_gutenburg_max_per_row":"","footnotes":""},"categories":[6],"tags":[],"class_list":["post-75203","post","type-post","status-publish","format-standard","has-post-thumbnail","hentry","category-cidades"],"_links":{"self":[{"href":"https:\/\/www.caririemacao.com\/1\/wp-json\/wp\/v2\/posts\/75203","targetHints":{"allow":["GET"]}}],"collection":[{"href":"https:\/\/www.caririemacao.com\/1\/wp-json\/wp\/v2\/posts"}],"about":[{"href":"https:\/\/www.caririemacao.com\/1\/wp-json\/wp\/v2\/types\/post"}],"author":[{"embeddable":true,"href":"https:\/\/www.caririemacao.com\/1\/wp-json\/wp\/v2\/users\/2"}],"replies":[{"embeddable":true,"href":"https:\/\/www.caririemacao.com\/1\/wp-json\/wp\/v2\/comments?post=75203"}],"version-history":[{"count":1,"href":"https:\/\/www.caririemacao.com\/1\/wp-json\/wp\/v2\/posts\/75203\/revisions"}],"predecessor-version":[{"id":75215,"href":"https:\/\/www.caririemacao.com\/1\/wp-json\/wp\/v2\/posts\/75203\/revisions\/75215"}],"wp:featuredmedia":[{"embeddable":true,"href":"https:\/\/www.caririemacao.com\/1\/wp-json\/wp\/v2\/media\/75211"}],"wp:attachment":[{"href":"https:\/\/www.caririemacao.com\/1\/wp-json\/wp\/v2\/media?parent=75203"}],"wp:term":[{"taxonomy":"category","embeddable":true,"href":"https:\/\/www.caririemacao.com\/1\/wp-json\/wp\/v2\/categories?post=75203"},{"taxonomy":"post_tag","embeddable":true,"href":"https:\/\/www.caririemacao.com\/1\/wp-json\/wp\/v2\/tags?post=75203"}],"curies":[{"name":"wp","href":"https:\/\/api.w.org\/{rel}","templated":true}]}}