{"id":75207,"date":"2018-12-03T12:21:27","date_gmt":"2018-12-03T15:21:27","guid":{"rendered":"http:\/\/www.caririemacao.com\/1\/?p=75207"},"modified":"2018-12-03T12:21:27","modified_gmt":"2018-12-03T15:21:27","slug":"joao-revela-quando-anunciara-primeiros-nomes-de-sua-equipe","status":"publish","type":"post","link":"https:\/\/www.caririemacao.com\/1\/2018\/12\/03\/joao-revela-quando-anunciara-primeiros-nomes-de-sua-equipe\/","title":{"rendered":"Jo\u00e3o revela quando anunciar\u00e1 primeiros nomes de sua equipe"},"content":{"rendered":"<p>O governador eleito da Para\u00edba, Jo\u00e3o Azev\u00eado (PSB), revelou que at\u00e9 a pr\u00f3xima sexta-feira (7) dever\u00e1 anunciar os primeiros nomes de sua equipe de auxiliares para atuar na Administra\u00e7\u00e3o Estadual a partir do dia 1\u00ba de janeiro do ano que vem.<\/p>\n<p>A revela\u00e7\u00e3o de Jo\u00e3o ocorreu nesta segunda-feira (3), na Granja Santana, durante a assinatura do Gol de Placa, programa do Governo do Estado que incentiva os clubes de futebol da Para\u00edba que disputam o Campeonato Paraibano, a Copa do Nordeste, a Copa do Brasil e o Campeonato Brasileiro das S\u00e9ries C e D.<\/p>\n<p>\u201c\u00c9 prov\u00e1vel que at\u00e9 a pr\u00f3xima sexta-feira j\u00e1 esteja anunciando alguns nomes que compor\u00e3o a equipe\u2026 Por ser um governo de continuidade, n\u00f3s temos claro, secret\u00e1rios que continuar\u00e3o, secret\u00e1rios que ser\u00e3o substitu\u00eddos, por op\u00e7\u00e3o pr\u00f3pria muitas vezes at\u00e9 do secret\u00e1rio, e outros por uma quest\u00e3o de perfil. Isso \u00e9 um processo natural\u201d, destacou o governador eleito.<\/p>\n<p>Jo\u00e3o revelou ainda que, at\u00e9 o final desta semana, o atual governador do Estado, Ricardo Coutinho (PSB), estar\u00e1 reunindo todo o secretariado para discutir a transi\u00e7\u00e3o de governo.<\/p>\n<h3 class=\"fbcb_leave_cmnt_label\" style=\"text-align: left;\"><\/h3>\n<p>Para\u00edba J\u00e1<\/p>\n","protected":false},"excerpt":{"rendered":"<p>O governador eleito da Para\u00edba, Jo\u00e3o Azev\u00eado (PSB), revelou que at\u00e9 a pr\u00f3xima sexta-feira (7) dever\u00e1 anunciar os primeiros nomes de sua equipe de auxiliares&hellip; <\/p>\n","protected":false},"author":1,"featured_media":73733,"comment_status":"closed","ping_status":"closed","sticky":false,"template":"","format":"standard","meta":{"sfsi_plus_gutenberg_text_before_share":"","sfsi_plus_gutenberg_show_text_before_share":"","sfsi_plus_gutenberg_icon_type":"","sfsi_plus_gutenberg_icon_alignemt":"","sfsi_plus_gutenburg_max_per_row":"","footnotes":""},"categories":[50,11],"tags":[],"class_list":["post-75207","post","type-post","status-publish","format-standard","has-post-thumbnail","hentry","category-destaque","category-politica"],"_links":{"self":[{"href":"https:\/\/www.caririemacao.com\/1\/wp-json\/wp\/v2\/posts\/75207","targetHints":{"allow":["GET"]}}],"collection":[{"href":"https:\/\/www.caririemacao.com\/1\/wp-json\/wp\/v2\/posts"}],"about":[{"href":"https:\/\/www.caririemacao.com\/1\/wp-json\/wp\/v2\/types\/post"}],"author":[{"embeddable":true,"href":"https:\/\/www.caririemacao.com\/1\/wp-json\/wp\/v2\/users\/1"}],"replies":[{"embeddable":true,"href":"https:\/\/www.caririemacao.com\/1\/wp-json\/wp\/v2\/comments?post=75207"}],"version-history":[{"count":1,"href":"https:\/\/www.caririemacao.com\/1\/wp-json\/wp\/v2\/posts\/75207\/revisions"}],"predecessor-version":[{"id":75208,"href":"https:\/\/www.caririemacao.com\/1\/wp-json\/wp\/v2\/posts\/75207\/revisions\/75208"}],"wp:featuredmedia":[{"embeddable":true,"href":"https:\/\/www.caririemacao.com\/1\/wp-json\/wp\/v2\/media\/73733"}],"wp:attachment":[{"href":"https:\/\/www.caririemacao.com\/1\/wp-json\/wp\/v2\/media?parent=75207"}],"wp:term":[{"taxonomy":"category","embeddable":true,"href":"https:\/\/www.caririemacao.com\/1\/wp-json\/wp\/v2\/categories?post=75207"},{"taxonomy":"post_tag","embeddable":true,"href":"https:\/\/www.caririemacao.com\/1\/wp-json\/wp\/v2\/tags?post=75207"}],"curies":[{"name":"wp","href":"https:\/\/api.w.org\/{rel}","templated":true}]}}