{"id":75209,"date":"2018-12-03T12:25:16","date_gmt":"2018-12-03T15:25:16","guid":{"rendered":"http:\/\/www.caririemacao.com\/1\/?p=75209"},"modified":"2018-12-03T12:25:16","modified_gmt":"2018-12-03T15:25:16","slug":"comecam-nesta-segunda-feira-matriculas-para-novos-alunos-da-rede-estadual-de-ensino","status":"publish","type":"post","link":"https:\/\/www.caririemacao.com\/1\/2018\/12\/03\/comecam-nesta-segunda-feira-matriculas-para-novos-alunos-da-rede-estadual-de-ensino\/","title":{"rendered":"Come\u00e7am nesta segunda-feira, matr\u00edculas para novos alunos da rede estadual de ensino"},"content":{"rendered":"<div class=\"mc-column content-text active-extra-styles active-capital-letter\" data-block-type=\"unstyled\" data-block-weight=\"46\" data-block-id=\"2\">\n<p class=\"content-text__container theme-color-primary-first-letter\" data-track-category=\"Link no Texto\" data-track-links=\"\">As matr\u00edculas para os novos alunos da rede estadual de ensino da Para\u00edba come\u00e7am nesta segunda-feira (3). O prazo se entende at\u00e9 o dia 21 de dezembro. S\u00e3o ofertadas cerca de 500 mil vagas na rede estadual, de acordo com o secret\u00e1rio da Educa\u00e7\u00e3o, Al\u00e9ssio Trindade.<\/p>\n<\/div>\n<div class=\"wall protected-content\">\n<div class=\"mc-column content-text active-extra-styles \" data-block-type=\"unstyled\" data-block-weight=\"48\" data-block-id=\"3\">\n<p class=\"content-text__container \" data-track-category=\"Link no Texto\" data-track-links=\"\">A renova\u00e7\u00e3o da matr\u00edcula dos alunos veteranos da rede estadual terminaram no \u00faltimo dia 30 de novembro.\u00a0O calend\u00e1rio de matr\u00edculas e as Diretrizes Operacionais para o ano letivo 2019 na rede estadual da Para\u00edba foram divulgados durante solenidade no Centro de Forma\u00e7\u00e3o de Educadores, em Jo\u00e3o Pessoa.<\/p>\n<\/div>\n<div class=\"mc-column content-text active-extra-styles \" data-block-type=\"unstyled\" data-block-weight=\"53\" data-block-id=\"4\">\n<div class=\"td-a-rec td-a-rec-id-content_inline  \"><span class=\"td-adspot-title\">Segundo o gerente executivo do Ensino M\u00e9dio da Secretaria de Educa\u00e7\u00e3o, Robson Ferreira, nas Diretrizes Operacionais para o ano letivo 2019 est\u00e1 a amplia\u00e7\u00e3o do movimento Se Liga no Enem, o fortalecimento da liberdade de c\u00e1tedra nas escolas da rede estadual, atividades variadas relacionadas ao Ano Cultural Jackson do Pandeiro e outras a\u00e7\u00f5es.<\/span><\/div>\n<\/div>\n<div data-track-category=\"fim do conteudo\" data-track-action=\"ultimo chunk conteudo\" data-track-noninteraction=\"false\" data-track-scroll=\"entrada completa viewport\">\n<div class=\"mc-column content-text active-extra-styles \" data-block-type=\"unstyled\" data-block-weight=\"63\" data-block-id=\"5\">\n<p class=\"content-text__container \" data-track-category=\"Link no Texto\" data-track-links=\"\">De acordo com a as diretrizes operacionais divulgadas, 2019 ser\u00e1 o ano de celebra\u00e7\u00e3o do centen\u00e1rio de nascimento do paraibano Jackson do Pandeiro, por meio da realiza\u00e7\u00e3o de atividades vinculadas ao Ano Cultural Jackson do Pandeiro. Durante todo o ano, ser\u00e3o promovidas atividades culturais e socioesportivas no \u00e2mbito escolar, mobilizando alunos, professores, servidores e a comunidade no sentido de homenagear Jackson do Pandeiro.<\/p>\n<\/div>\n<p data-track-category=\"Link no Texto\" data-track-links=\"\">G1<\/p>\n<\/div>\n<\/div>\n","protected":false},"excerpt":{"rendered":"<p>As matr\u00edculas para os novos alunos da rede estadual de ensino da Para\u00edba come\u00e7am nesta segunda-feira (3). O prazo se entende at\u00e9 o dia 21&hellip; <\/p>\n","protected":false},"author":1,"featured_media":11179,"comment_status":"closed","ping_status":"closed","sticky":false,"template":"","format":"standard","meta":{"sfsi_plus_gutenberg_text_before_share":"","sfsi_plus_gutenberg_show_text_before_share":"","sfsi_plus_gutenberg_icon_type":"","sfsi_plus_gutenberg_icon_alignemt":"","sfsi_plus_gutenburg_max_per_row":"","footnotes":""},"categories":[50,14],"tags":[],"class_list":["post-75209","post","type-post","status-publish","format-standard","has-post-thumbnail","hentry","category-destaque","category-educacao"],"_links":{"self":[{"href":"https:\/\/www.caririemacao.com\/1\/wp-json\/wp\/v2\/posts\/75209","targetHints":{"allow":["GET"]}}],"collection":[{"href":"https:\/\/www.caririemacao.com\/1\/wp-json\/wp\/v2\/posts"}],"about":[{"href":"https:\/\/www.caririemacao.com\/1\/wp-json\/wp\/v2\/types\/post"}],"author":[{"embeddable":true,"href":"https:\/\/www.caririemacao.com\/1\/wp-json\/wp\/v2\/users\/1"}],"replies":[{"embeddable":true,"href":"https:\/\/www.caririemacao.com\/1\/wp-json\/wp\/v2\/comments?post=75209"}],"version-history":[{"count":1,"href":"https:\/\/www.caririemacao.com\/1\/wp-json\/wp\/v2\/posts\/75209\/revisions"}],"predecessor-version":[{"id":75216,"href":"https:\/\/www.caririemacao.com\/1\/wp-json\/wp\/v2\/posts\/75209\/revisions\/75216"}],"wp:featuredmedia":[{"embeddable":true,"href":"https:\/\/www.caririemacao.com\/1\/wp-json\/wp\/v2\/media\/11179"}],"wp:attachment":[{"href":"https:\/\/www.caririemacao.com\/1\/wp-json\/wp\/v2\/media?parent=75209"}],"wp:term":[{"taxonomy":"category","embeddable":true,"href":"https:\/\/www.caririemacao.com\/1\/wp-json\/wp\/v2\/categories?post=75209"},{"taxonomy":"post_tag","embeddable":true,"href":"https:\/\/www.caririemacao.com\/1\/wp-json\/wp\/v2\/tags?post=75209"}],"curies":[{"name":"wp","href":"https:\/\/api.w.org\/{rel}","templated":true}]}}