{"id":75217,"date":"2018-12-03T12:27:18","date_gmt":"2018-12-03T15:27:18","guid":{"rendered":"http:\/\/www.caririemacao.com\/1\/?p=75217"},"modified":"2018-12-03T12:27:18","modified_gmt":"2018-12-03T15:27:18","slug":"governador-agradece-aos-poderes-por-contribuirem-para-o-equilibrio-das-contas-da-paraiba","status":"publish","type":"post","link":"https:\/\/www.caririemacao.com\/1\/2018\/12\/03\/governador-agradece-aos-poderes-por-contribuirem-para-o-equilibrio-das-contas-da-paraiba\/","title":{"rendered":"Governador agradece aos Poderes por contribu\u00edrem para o equil\u00edbrio das contas da Para\u00edba"},"content":{"rendered":"<p>O governador Ricardo Coutinho (PSB), na manh\u00e3 desta segunda-feira (03), durante a assinatura\u00a0do programa Gol de Placa, aproveitou o ensejo para agradecer aos Poderes, por contribu\u00edrem de forma eficiente para o equil\u00edbrio das contas da Para\u00edba. Ele ainda\u00a0frisou que a sua responsabilidade sempre foi cumprida e mesmo durante toda a crise que o Brasil passou, a Para\u00edba se manteve equilibrada, com a sa\u00fade, seguran\u00e7a e educa\u00e7\u00e3o seguras.<\/p>\n<p>\u201cEssa responsabilidade que o executivo tem, de ser o respons\u00e1vel pela arrecada\u00e7\u00e3o, pela divis\u00e3o e pelo equil\u00edbrio de todos, n\u00f3s cumprimos e vamos continuar cumprindo. Agora \u00e9 importante que cada um cuide de colocar os \u00f3rg\u00e3os dentro do tamanho que a Para\u00edba necessita. A economia n\u00e3o \u00e9 varinha de cond\u00e3o. \u00c9 precise que cada um calce os sapatos do tamanho de seu p\u00e9. N\u00f3s caminhamos bastante, com a ajuda dos poderes, e eu quero agradecer o apoio ao Estado. Com todas as dificuldades que n\u00f3s tivemos, mas eu quero agradecer de ter contra passado os piores momentos da republica brasileira no quesito economia. E a Para\u00edba passou dessa forma que todo mundo conhece e reconhece\u201d, disse o Governador Ricardo Coutinho.<\/p>\n<p>&nbsp;<\/p>\n<p>Para\u00edba J\u00e1<\/p>\n","protected":false},"excerpt":{"rendered":"<p>O governador Ricardo Coutinho (PSB), na manh\u00e3 desta segunda-feira (03), durante a assinatura\u00a0do programa Gol de Placa, aproveitou o ensejo para agradecer aos Poderes, por&hellip; <\/p>\n","protected":false},"author":1,"featured_media":53143,"comment_status":"closed","ping_status":"closed","sticky":false,"template":"","format":"standard","meta":{"sfsi_plus_gutenberg_text_before_share":"","sfsi_plus_gutenberg_show_text_before_share":"","sfsi_plus_gutenberg_icon_type":"","sfsi_plus_gutenberg_icon_alignemt":"","sfsi_plus_gutenburg_max_per_row":"","footnotes":""},"categories":[11],"tags":[],"class_list":["post-75217","post","type-post","status-publish","format-standard","has-post-thumbnail","hentry","category-politica"],"_links":{"self":[{"href":"https:\/\/www.caririemacao.com\/1\/wp-json\/wp\/v2\/posts\/75217","targetHints":{"allow":["GET"]}}],"collection":[{"href":"https:\/\/www.caririemacao.com\/1\/wp-json\/wp\/v2\/posts"}],"about":[{"href":"https:\/\/www.caririemacao.com\/1\/wp-json\/wp\/v2\/types\/post"}],"author":[{"embeddable":true,"href":"https:\/\/www.caririemacao.com\/1\/wp-json\/wp\/v2\/users\/1"}],"replies":[{"embeddable":true,"href":"https:\/\/www.caririemacao.com\/1\/wp-json\/wp\/v2\/comments?post=75217"}],"version-history":[{"count":1,"href":"https:\/\/www.caririemacao.com\/1\/wp-json\/wp\/v2\/posts\/75217\/revisions"}],"predecessor-version":[{"id":75218,"href":"https:\/\/www.caririemacao.com\/1\/wp-json\/wp\/v2\/posts\/75217\/revisions\/75218"}],"wp:featuredmedia":[{"embeddable":true,"href":"https:\/\/www.caririemacao.com\/1\/wp-json\/wp\/v2\/media\/53143"}],"wp:attachment":[{"href":"https:\/\/www.caririemacao.com\/1\/wp-json\/wp\/v2\/media?parent=75217"}],"wp:term":[{"taxonomy":"category","embeddable":true,"href":"https:\/\/www.caririemacao.com\/1\/wp-json\/wp\/v2\/categories?post=75217"},{"taxonomy":"post_tag","embeddable":true,"href":"https:\/\/www.caririemacao.com\/1\/wp-json\/wp\/v2\/tags?post=75217"}],"curies":[{"name":"wp","href":"https:\/\/api.w.org\/{rel}","templated":true}]}}