{"id":75219,"date":"2018-12-03T12:28:53","date_gmt":"2018-12-03T15:28:53","guid":{"rendered":"http:\/\/www.caririemacao.com\/1\/?p=75219"},"modified":"2018-12-03T12:28:53","modified_gmt":"2018-12-03T15:28:53","slug":"procon-promove-mutirao-de-renegociacao-de-dividas-na-paraiba","status":"publish","type":"post","link":"https:\/\/www.caririemacao.com\/1\/2018\/12\/03\/procon-promove-mutirao-de-renegociacao-de-dividas-na-paraiba\/","title":{"rendered":"Procon promove mutir\u00e3o de renegocia\u00e7\u00e3o de d\u00edvidas na Para\u00edba"},"content":{"rendered":"<div class=\"mc-column content-text active-extra-styles active-capital-letter\" data-block-type=\"unstyled\" data-block-weight=\"39\" data-block-id=\"1\">\n<p class=\"content-text__container theme-color-primary-first-letter\" data-track-category=\"Link no Texto\" data-track-links=\"\">Come\u00e7a nesta segunda-feira (3) o Terceiro Mutir\u00e3o de Renegocia\u00e7\u00e3o de D\u00edvidas de atendimento a pessoas consideradas superendividadas promovido pela Autarquia de Prote\u00e7\u00e3o e Defesa do Consumidor da Para\u00edba (Procon-PB). O objetivo do evento \u00e9 conceder descontos para os inadimplentes.<\/p>\n<\/div>\n<div class=\"wall protected-content\">\n<div class=\"mc-column content-text active-extra-styles \" data-block-type=\"unstyled\" data-block-weight=\"22\" data-block-id=\"2\">\n<p class=\"content-text__container \" data-track-category=\"Link no Texto\" data-track-links=\"\">Os atendimentos acontecem no per\u00edodo de 3 a 7 de dezembro, das 8h \u00e0s 16h30, com distribui\u00e7\u00e3o de senhas at\u00e9 as 14h.<\/p>\n<\/div>\n<div class=\"mc-column content-text active-extra-styles \" data-block-type=\"unstyled\" data-block-weight=\"49\" data-block-id=\"3\">\n<div class=\"td-a-rec td-a-rec-id-content_inline  \"><span class=\"td-adspot-title\">O evento \u00e9 uma parceria com a Federa\u00e7\u00e3o Brasileira de Bancos (Febraban), empresas de servi\u00e7os essenciais como Energisa e Cagepa; de telefonia, como Oi, Vivo, Claro e Tim; escolas particulares, em uma parceria com o Sintep; \u00f3rg\u00e3os de Servi\u00e7o de Prote\u00e7\u00e3o ao Cr\u00e9dito e empresas de TV por assinatura.<\/span><\/div>\n<\/div>\n<div class=\"mc-column content-text active-extra-styles \" data-block-type=\"unstyled\" data-block-weight=\"65\" data-block-id=\"4\">\n<p class=\"content-text__container \" data-track-category=\"Link no Texto\" data-track-links=\"\">Ainda de acordo com o Procon-PB, o foco \u00e9 no consumidor que quer aproveitar o 13\u00ba sal\u00e1rio para ficar em dia com as contas em atraso. A superintendente do Procon-PB, K\u00e9ssia Cavalcanti, lembrou que o Procon-PB tem o objetivo de tamb\u00e9m proporcionar ao consumidor uma oportunidade de n\u00e3o s\u00f3 limpar o seu nome, mas evitar que suas d\u00edvidas se transformem em uma bola de neve.<\/p>\n<\/div>\n<div data-track-category=\"fim do conteudo\" data-track-action=\"ultimo chunk conteudo\" data-track-noninteraction=\"false\" data-track-scroll=\"entrada completa viewport\">\n<div class=\"mc-column content-text active-extra-styles \" data-block-type=\"unstyled\" data-block-weight=\"34\" data-block-id=\"5\">\n<p class=\"content-text__container \" data-track-category=\"Link no Texto\" data-track-links=\"\">O Procon-PB fica localizado no Parque Solon de Lucena, 234, Centro, pr\u00f3ximo ao Cassino da Lagoa ao lado do MP-Procon. Qualquer d\u00favida ligar 151, acessar o site www.procon.pb.gov.br ou as redes sociais do \u00f3rg\u00e3o.<\/p>\n<p data-track-category=\"Link no Texto\" data-track-links=\"\">\n<p class=\"content-text__container \" data-track-category=\"Link no Texto\" data-track-links=\"\">G1 Para\u00edba<\/p>\n<\/div>\n<\/div>\n<\/div>\n","protected":false},"excerpt":{"rendered":"<p>Come\u00e7a nesta segunda-feira (3) o Terceiro Mutir\u00e3o de Renegocia\u00e7\u00e3o de D\u00edvidas de atendimento a pessoas consideradas superendividadas promovido pela Autarquia de Prote\u00e7\u00e3o e Defesa do&hellip; <\/p>\n","protected":false},"author":1,"featured_media":14147,"comment_status":"closed","ping_status":"closed","sticky":false,"template":"","format":"standard","meta":{"sfsi_plus_gutenberg_text_before_share":"","sfsi_plus_gutenberg_show_text_before_share":"","sfsi_plus_gutenberg_icon_type":"","sfsi_plus_gutenberg_icon_alignemt":"","sfsi_plus_gutenburg_max_per_row":"","footnotes":""},"categories":[2],"tags":[],"class_list":["post-75219","post","type-post","status-publish","format-standard","has-post-thumbnail","hentry","category-geral"],"_links":{"self":[{"href":"https:\/\/www.caririemacao.com\/1\/wp-json\/wp\/v2\/posts\/75219","targetHints":{"allow":["GET"]}}],"collection":[{"href":"https:\/\/www.caririemacao.com\/1\/wp-json\/wp\/v2\/posts"}],"about":[{"href":"https:\/\/www.caririemacao.com\/1\/wp-json\/wp\/v2\/types\/post"}],"author":[{"embeddable":true,"href":"https:\/\/www.caririemacao.com\/1\/wp-json\/wp\/v2\/users\/1"}],"replies":[{"embeddable":true,"href":"https:\/\/www.caririemacao.com\/1\/wp-json\/wp\/v2\/comments?post=75219"}],"version-history":[{"count":1,"href":"https:\/\/www.caririemacao.com\/1\/wp-json\/wp\/v2\/posts\/75219\/revisions"}],"predecessor-version":[{"id":75220,"href":"https:\/\/www.caririemacao.com\/1\/wp-json\/wp\/v2\/posts\/75219\/revisions\/75220"}],"wp:featuredmedia":[{"embeddable":true,"href":"https:\/\/www.caririemacao.com\/1\/wp-json\/wp\/v2\/media\/14147"}],"wp:attachment":[{"href":"https:\/\/www.caririemacao.com\/1\/wp-json\/wp\/v2\/media?parent=75219"}],"wp:term":[{"taxonomy":"category","embeddable":true,"href":"https:\/\/www.caririemacao.com\/1\/wp-json\/wp\/v2\/categories?post=75219"},{"taxonomy":"post_tag","embeddable":true,"href":"https:\/\/www.caririemacao.com\/1\/wp-json\/wp\/v2\/tags?post=75219"}],"curies":[{"name":"wp","href":"https:\/\/api.w.org\/{rel}","templated":true}]}}