{"id":75221,"date":"2018-12-03T12:32:41","date_gmt":"2018-12-03T15:32:41","guid":{"rendered":"http:\/\/www.caririemacao.com\/1\/?p=75221"},"modified":"2018-12-03T12:32:41","modified_gmt":"2018-12-03T15:32:41","slug":"maes-do-projeto-monica-sume-aprendem-a-confeccionar-enfeites-de-natal","status":"publish","type":"post","link":"https:\/\/www.caririemacao.com\/1\/2018\/12\/03\/maes-do-projeto-monica-sume-aprendem-a-confeccionar-enfeites-de-natal\/","title":{"rendered":"M\u00c3ES DO PROJETO M\u00d4NICA SUM\u00c9 APRENDEM A CONFECCIONAR ENFEITES DE NATAL"},"content":{"rendered":"<p>A Secretaria de Assist\u00eancia Social de Sum\u00e9, atrav\u00e9s do Projeto M\u00f4nica, encerrou no s\u00e1bado (01\/12) o curso de artesanato natalino para as m\u00e3es do projeto.<br \/>\nForam tr\u00eas encontros realizados aos s\u00e1bados com a professora Socorro Jorge.<\/p>\n<div class=\"text_exposed_show\">\n<p>Participaram 12 m\u00e3es que aprenderam a confeccionar enfeites de Natal para ornamentar suas pr\u00f3prias casas, assim como a possibilidade de ganhar uma renda extra vendendo as confec\u00e7\u00f5es.<\/p>\n<p>O Projeto M\u00f4nica foi assumido pela Prefeitura de Sum\u00e9 h\u00e1 dois anos e atende atualmente 55 crian\u00e7as e adolescentes com idades entre 4 e 14 anos, no bairro do Alto Alegre.<br \/>\nSer cadastrado no programa Bolsa Fam\u00edlia \u00e9 um dos requisitos exigidos para participar do Projeto M\u00f4nica.<\/p>\n<p>O coordenador do projeto, Emerson Sousa, informou que o projeto tamb\u00e9m recebe volunt\u00e1rios que estejam dispostos a trabalhar na Casa. O programa trabalha atividades educativas com crian\u00e7as e adolescentes do bairro do Alto Alegre.<\/p>\n<\/div>\n<p>Ascom\/Sum\u00e9<\/p>\n","protected":false},"excerpt":{"rendered":"<p>A Secretaria de Assist\u00eancia Social de Sum\u00e9, atrav\u00e9s do Projeto M\u00f4nica, encerrou no s\u00e1bado (01\/12) o curso de artesanato natalino para as m\u00e3es do projeto.&hellip; <\/p>\n","protected":false},"author":1,"featured_media":75222,"comment_status":"closed","ping_status":"closed","sticky":false,"template":"","format":"standard","meta":{"sfsi_plus_gutenberg_text_before_share":"","sfsi_plus_gutenberg_show_text_before_share":"","sfsi_plus_gutenberg_icon_type":"","sfsi_plus_gutenberg_icon_alignemt":"","sfsi_plus_gutenburg_max_per_row":"","footnotes":""},"categories":[6],"tags":[],"class_list":["post-75221","post","type-post","status-publish","format-standard","has-post-thumbnail","hentry","category-cidades"],"_links":{"self":[{"href":"https:\/\/www.caririemacao.com\/1\/wp-json\/wp\/v2\/posts\/75221","targetHints":{"allow":["GET"]}}],"collection":[{"href":"https:\/\/www.caririemacao.com\/1\/wp-json\/wp\/v2\/posts"}],"about":[{"href":"https:\/\/www.caririemacao.com\/1\/wp-json\/wp\/v2\/types\/post"}],"author":[{"embeddable":true,"href":"https:\/\/www.caririemacao.com\/1\/wp-json\/wp\/v2\/users\/1"}],"replies":[{"embeddable":true,"href":"https:\/\/www.caririemacao.com\/1\/wp-json\/wp\/v2\/comments?post=75221"}],"version-history":[{"count":1,"href":"https:\/\/www.caririemacao.com\/1\/wp-json\/wp\/v2\/posts\/75221\/revisions"}],"predecessor-version":[{"id":75223,"href":"https:\/\/www.caririemacao.com\/1\/wp-json\/wp\/v2\/posts\/75221\/revisions\/75223"}],"wp:featuredmedia":[{"embeddable":true,"href":"https:\/\/www.caririemacao.com\/1\/wp-json\/wp\/v2\/media\/75222"}],"wp:attachment":[{"href":"https:\/\/www.caririemacao.com\/1\/wp-json\/wp\/v2\/media?parent=75221"}],"wp:term":[{"taxonomy":"category","embeddable":true,"href":"https:\/\/www.caririemacao.com\/1\/wp-json\/wp\/v2\/categories?post=75221"},{"taxonomy":"post_tag","embeddable":true,"href":"https:\/\/www.caririemacao.com\/1\/wp-json\/wp\/v2\/tags?post=75221"}],"curies":[{"name":"wp","href":"https:\/\/api.w.org\/{rel}","templated":true}]}}