{"id":75235,"date":"2018-12-03T14:22:22","date_gmt":"2018-12-03T17:22:22","guid":{"rendered":"http:\/\/www.caririemacao.com\/1\/?p=75235"},"modified":"2018-12-03T14:22:22","modified_gmt":"2018-12-03T17:22:22","slug":"cerca-de-14-mil-pessoas-abandonaram-tratamento-de-hiv-aids-na-paraiba-ate-2018","status":"publish","type":"post","link":"https:\/\/www.caririemacao.com\/1\/2018\/12\/03\/cerca-de-14-mil-pessoas-abandonaram-tratamento-de-hiv-aids-na-paraiba-ate-2018\/","title":{"rendered":"Cerca de 1,4 mil pessoas abandonaram tratamento de HIV\/Aids na Para\u00edba at\u00e9 2018"},"content":{"rendered":"<p class=\"content-text__container theme-color-primary-first-letter\" data-track-category=\"Link no Texto\" data-track-links=\"\">Na Para\u00edba, 1.463 pessoas com HIV abandonaram o tratamento. O dado revelado pela Secretaria de Estado da Sa\u00fade (SES) na sexta-feira (30) apontou que atualmente 5.240 usu\u00e1rios est\u00e3o com cadastro atualizado no Sistema de Informa\u00e7\u00e3o de Log\u00edstica de Medicamentos (Siclom) na Para\u00edba.<\/p>\n<div class=\"wall protected-content\">\n<div class=\"mc-column content-text active-extra-styles \" data-block-type=\"unstyled\" data-block-weight=\"37\" data-block-id=\"3\">\n<p class=\"content-text__container \" data-track-category=\"Link no Texto\" data-track-links=\"\">Ainda de acordo com a SES, o n\u00famero de pessoas que abandonaram o tratamento mediante informa\u00e7\u00f5es do Sistema de Informa\u00e7\u00e3o de Monitoramento Cl\u00ednico das Pessoas Vivendo com HIV\/Aids (SIMC) corresponde a 27,9% do total de pacientes cadastrados.<\/p>\n<\/div>\n<div class=\"mc-column content-text active-extra-styles \" data-block-type=\"unstyled\" data-block-weight=\"52\" data-block-id=\"4\">\n<p class=\"content-text__container \" data-track-category=\"Link no Texto\" data-track-links=\"\">De acordo com Ivoneide Lucena, Gerente Operacional de DST\/AIDS, no diagn\u00f3stico precoce de pessoas com HIV no estado, a maior parte s\u00e3o de homens. \u201cEnfatizar que na Para\u00edba, a popula\u00e7\u00e3o masculina, heteros e homo, popula\u00e7\u00e3o negra e a faixa et\u00e1ria de 15 a 39 anos, \u00e9 a mais acometida\u201d, explicou Ivoneide Lucena.<\/p>\n<\/div>\n<div class=\"show-chart mc-column content-media content-media--normal\" data-block-type=\"backstage-chart\" data-block-id=\"5\">\n<div class=\"show-chart__title\"><\/div>\n<\/div>\n<div class=\"mc-column content-text active-extra-styles \" data-block-type=\"unstyled\" data-block-weight=\"48\" data-block-id=\"6\">\n<p class=\"content-text__container \" data-track-category=\"Link no Texto\" data-track-links=\"\">Dos 5.240 pacientes cadastrados para fazer o tratamento na Para\u00edba, 4.323 pessoas s\u00e3o atendidas somentes no Hospital Clementino Fraga, no bairro de Jaguaribe, em Jo\u00e3o Pessoa. A diretoria geral da unidade de sa\u00fade, Tha\u00eds Matos, comenta que v\u00e1rios motivos podem levar uma pessoa com HIV\/Aids abandonarem o tratamento.<\/p>\n<\/div>\n<div class=\"mc-column content-text active-extra-styles \" data-block-type=\"unstyled\" data-block-weight=\"66\" data-block-id=\"7\">\n<p class=\"content-text__container \" data-track-category=\"Link no Texto\" data-track-links=\"\">\u201cS\u00e3o v\u00e1rios fatores, mas entre os principais podemos identificar como o fato das pessoas em tratamento n\u00e3o contarem \u00e0 fam\u00edlia e fazerem o tratamento em segredo, prejudicando a motiva\u00e7\u00e3o. Outro fator \u00e9 a falsa sensa\u00e7\u00e3o de estar curado e por isso retorna ao hospital depois em situa\u00e7\u00e3o mais grave. Por fim, parte dos pacientes vivem em situa\u00e7\u00e3o de vulnerabilidade, na rua, o que tamb\u00e9m dificulta\u201d, explicou.<\/p>\n<\/div>\n<div class=\"content-ads content-ads--reveal\" data-block-type=\"ads\" data-block-id=\"8\">\n<div id=\"banner_materia2\" class=\"tag-manager-publicidade-container has-reveal has-ad-lazyload tag-manager-publicidade-banner_materia2 tag-manager-publicidade-container--carregado tag-manager-publicidade-container--visivel\" data-id=\"banner_materia2\" data-google-query-id=\"CMGEwOT0_t4CFUlqwQodNaUCag\" data-cid=\"138251505477\" data-lid=\"4857695240\">\n<div id=\"google_ads_iframe_\/95377733\/tvg_G1\/Sua_Regiao&gt;Nordeste&gt;Paraiba_2__container__\" style=\"font: inherit; margin: auto; padding: 0px; border: 0pt currentColor; width: 970px; text-align: center; vertical-align: baseline; max-width: 100%; box-sizing: inherit; font-size-adjust: inherit; font-stretch: inherit;\"><\/div>\n<\/div>\n<\/div>\n<div class=\"mc-column content-text active-extra-styles \" data-block-type=\"unstyled\" data-block-weight=\"58\" data-block-id=\"9\">\n<p class=\"content-text__container \" data-track-category=\"Link no Texto\" data-track-links=\"\">Entre 2007 e 2018, de acordo com dados disponibilizados pela SES, 1.439 mortes de pessoas com HIV\/Aids. Neste ano, especificamente, os n\u00fameros de casos diagnosticados e de mortes por HIV\/Aids ca\u00edram em rela\u00e7\u00e3o a 2017. Tha\u00eds Matos, diretora geral do hospital que atende a maior parte dos pacientes na Para\u00edba, explicou os trabalhos de conscientiza\u00e7\u00e3o ajudam na preven\u00e7\u00e3o.<\/p>\n<\/div>\n<div class=\"mc-column content-text active-extra-styles \" data-block-type=\"unstyled\" data-block-weight=\"49\" data-block-id=\"10\">\n<p class=\"content-text__container \" data-track-category=\"Link no Texto\" data-track-links=\"\">\u201cAs pessoas est\u00e3o mais conscientes, buscando preven\u00e7\u00e3o e tramento de profilaxia ap\u00f3s descobrir o v\u00edrus. No Clementino Fraga fazemos o tratamento pr\u00e9-infec\u00e7\u00e3o, que \u00e9 destinado a pessoas do grupo de risco, como profissionais do sexo, ali\u00e1s, somos o \u00fanico hospital da Para\u00edba que oferece o tratamento\u201d, detalhou a diretora.<\/p>\n<\/div>\n<div data-track-category=\"fim do conteudo\" data-track-action=\"ultimo chunk conteudo\" data-track-noninteraction=\"false\" data-track-scroll=\"entrada completa viewport\">\n<div class=\"show-chart mc-column content-media content-media--normal\" data-block-type=\"backstage-chart\" data-block-id=\"11\">\n<div id=\"show-chart__5qc1v\" data-highcharts-chart=\"1\">\n<div id=\"highcharts-2umxlvm-3\" class=\"highcharts-container \"><\/div>\n<div>G1<\/div>\n<\/div>\n<\/div>\n<\/div>\n<\/div>\n","protected":false},"excerpt":{"rendered":"<p>Na Para\u00edba, 1.463 pessoas com HIV abandonaram o tratamento. O dado revelado pela Secretaria de Estado da Sa\u00fade (SES) na sexta-feira (30) apontou que atualmente&hellip; <\/p>\n","protected":false},"author":1,"featured_media":34316,"comment_status":"closed","ping_status":"closed","sticky":false,"template":"","format":"standard","meta":{"sfsi_plus_gutenberg_text_before_share":"","sfsi_plus_gutenberg_show_text_before_share":"","sfsi_plus_gutenberg_icon_type":"","sfsi_plus_gutenberg_icon_alignemt":"","sfsi_plus_gutenburg_max_per_row":"","footnotes":""},"categories":[50,16],"tags":[],"class_list":["post-75235","post","type-post","status-publish","format-standard","has-post-thumbnail","hentry","category-destaque","category-saude"],"_links":{"self":[{"href":"https:\/\/www.caririemacao.com\/1\/wp-json\/wp\/v2\/posts\/75235","targetHints":{"allow":["GET"]}}],"collection":[{"href":"https:\/\/www.caririemacao.com\/1\/wp-json\/wp\/v2\/posts"}],"about":[{"href":"https:\/\/www.caririemacao.com\/1\/wp-json\/wp\/v2\/types\/post"}],"author":[{"embeddable":true,"href":"https:\/\/www.caririemacao.com\/1\/wp-json\/wp\/v2\/users\/1"}],"replies":[{"embeddable":true,"href":"https:\/\/www.caririemacao.com\/1\/wp-json\/wp\/v2\/comments?post=75235"}],"version-history":[{"count":1,"href":"https:\/\/www.caririemacao.com\/1\/wp-json\/wp\/v2\/posts\/75235\/revisions"}],"predecessor-version":[{"id":75236,"href":"https:\/\/www.caririemacao.com\/1\/wp-json\/wp\/v2\/posts\/75235\/revisions\/75236"}],"wp:featuredmedia":[{"embeddable":true,"href":"https:\/\/www.caririemacao.com\/1\/wp-json\/wp\/v2\/media\/34316"}],"wp:attachment":[{"href":"https:\/\/www.caririemacao.com\/1\/wp-json\/wp\/v2\/media?parent=75235"}],"wp:term":[{"taxonomy":"category","embeddable":true,"href":"https:\/\/www.caririemacao.com\/1\/wp-json\/wp\/v2\/categories?post=75235"},{"taxonomy":"post_tag","embeddable":true,"href":"https:\/\/www.caririemacao.com\/1\/wp-json\/wp\/v2\/tags?post=75235"}],"curies":[{"name":"wp","href":"https:\/\/api.w.org\/{rel}","templated":true}]}}