{"id":75244,"date":"2018-12-03T14:54:28","date_gmt":"2018-12-03T17:54:28","guid":{"rendered":"http:\/\/www.caririemacao.com\/1\/?p=75244"},"modified":"2018-12-03T14:54:28","modified_gmt":"2018-12-03T17:54:28","slug":"governo-do-estado-anuncia-calendario-de-pagamentos-de-dezembro","status":"publish","type":"post","link":"https:\/\/www.caririemacao.com\/1\/2018\/12\/03\/governo-do-estado-anuncia-calendario-de-pagamentos-de-dezembro\/","title":{"rendered":"Governo do Estado anuncia calend\u00e1rio de pagamentos de dezembro"},"content":{"rendered":"<p>O governador Ricardo Coutinho anunciou nesta segunda-feira (3) o calend\u00e1rio de pagamento dos funcion\u00e1rios p\u00fablicos para este m\u00eas dezembro.<\/p>\n<p>A segunda parcela do 13\u00ba sal\u00e1rio ser\u00e1 repassada a todos os servidores no dia 10 de dezembro, na pr\u00f3xima segunda-feira, enquanto os 14\u00ba e 15\u00ba sal\u00e1rios da Educa\u00e7\u00e3o ser\u00e3o pagos no dia 20 de dezembro.<\/p>\n<p>J\u00e1 a folha do pessoal referente ao m\u00eas de dezembro ser\u00e1 paga nos dias 27 e 28 de dezembro.<\/p>\n<p>O an\u00fancio foi feito durante o programa semanal de r\u00e1dio Fala Governador, transmitido por uma cadeia estadual de r\u00e1dios, oportunidade em que o governador Ricardo Coutinho lembrou que a primeira metade do 13\u00ba sal\u00e1rio foi paga no m\u00eas de junho, a exemplo dos anos anteriores, ressaltando o esfor\u00e7o do Governo do Estado para cumprir esse compromisso.<\/p>\n<p>\u201cEu vou poder tuitar novamente e dizer que pelo 96\u00ba m\u00eas consecutivo eu cumpri o compromisso de pagar a folha de pessoal dentro do m\u00eas trabalhado\u201d, comentou, lembrando ainda que em outras gest\u00f5es os servidores eram obrigados a fazer empr\u00e9stimos para receber o 13\u00ba sal\u00e1rio.<\/p>\n<p>E destacou:<\/p>\n<p>\u201cNo meio de toda essa crise, redu\u00e7\u00e3o do PIB, de tudo, mantivemos o nosso compromisso de pagar em dia, dentro do m\u00eas trabalhado, de pagar os pr\u00eamios e vou sair do governo no dia 1\u00ba de janeiro com todas as folhas pagas. Isso pra mim \u00e9 motivo de alegria enorme, porque eu sei o peso e as dificuldades inerentes a se manter um Estado com as caracter\u00edsticas como o nosso equilibrado dessa forma, investindo para todos, o que \u00e9 importante, porque n\u00e3o \u00e9 somente pagar uma folha dia, n\u00e3o sou gerente de recursos humanos, eu governo o Estado para cumprir com os deveres do estado, mas tamb\u00e9m para desenvolver o Estado e se percebe isso no n\u00edvel de investimento que n\u00e3o tem compara\u00e7\u00e3o com qualquer outro momento da hist\u00f3ria do nosso Estado\u201d.<\/p>\n<p>Confira abaixo o calend\u00e1rio dos pagamentos:<\/p>\n<p>10\/12 \u2013 segunda parcela do 13\u00ba sal\u00e1rio<\/p>\n<p>20\/12 \u2013 14\u00ba e 15\u00ba sal\u00e1rios da Educa\u00e7\u00e3o<\/p>\n<p>27 e 28\/12 \u2013 folha de dezembro<\/p>\n<p>&nbsp;<\/p>\n<p>Para\u00edba Online<\/p>\n","protected":false},"excerpt":{"rendered":"<p>O governador Ricardo Coutinho anunciou nesta segunda-feira (3) o calend\u00e1rio de pagamento dos funcion\u00e1rios p\u00fablicos para este m\u00eas dezembro. A segunda parcela do 13\u00ba sal\u00e1rio&hellip; <\/p>\n","protected":false},"author":1,"featured_media":59716,"comment_status":"closed","ping_status":"closed","sticky":false,"template":"","format":"standard","meta":{"sfsi_plus_gutenberg_text_before_share":"","sfsi_plus_gutenberg_show_text_before_share":"","sfsi_plus_gutenberg_icon_type":"","sfsi_plus_gutenberg_icon_alignemt":"","sfsi_plus_gutenburg_max_per_row":"","footnotes":""},"categories":[2],"tags":[],"class_list":["post-75244","post","type-post","status-publish","format-standard","has-post-thumbnail","hentry","category-geral"],"_links":{"self":[{"href":"https:\/\/www.caririemacao.com\/1\/wp-json\/wp\/v2\/posts\/75244","targetHints":{"allow":["GET"]}}],"collection":[{"href":"https:\/\/www.caririemacao.com\/1\/wp-json\/wp\/v2\/posts"}],"about":[{"href":"https:\/\/www.caririemacao.com\/1\/wp-json\/wp\/v2\/types\/post"}],"author":[{"embeddable":true,"href":"https:\/\/www.caririemacao.com\/1\/wp-json\/wp\/v2\/users\/1"}],"replies":[{"embeddable":true,"href":"https:\/\/www.caririemacao.com\/1\/wp-json\/wp\/v2\/comments?post=75244"}],"version-history":[{"count":1,"href":"https:\/\/www.caririemacao.com\/1\/wp-json\/wp\/v2\/posts\/75244\/revisions"}],"predecessor-version":[{"id":75245,"href":"https:\/\/www.caririemacao.com\/1\/wp-json\/wp\/v2\/posts\/75244\/revisions\/75245"}],"wp:featuredmedia":[{"embeddable":true,"href":"https:\/\/www.caririemacao.com\/1\/wp-json\/wp\/v2\/media\/59716"}],"wp:attachment":[{"href":"https:\/\/www.caririemacao.com\/1\/wp-json\/wp\/v2\/media?parent=75244"}],"wp:term":[{"taxonomy":"category","embeddable":true,"href":"https:\/\/www.caririemacao.com\/1\/wp-json\/wp\/v2\/categories?post=75244"},{"taxonomy":"post_tag","embeddable":true,"href":"https:\/\/www.caririemacao.com\/1\/wp-json\/wp\/v2\/tags?post=75244"}],"curies":[{"name":"wp","href":"https:\/\/api.w.org\/{rel}","templated":true}]}}