{"id":75252,"date":"2018-12-03T15:22:12","date_gmt":"2018-12-03T18:22:12","guid":{"rendered":"http:\/\/www.caririemacao.com\/1\/?p=75252"},"modified":"2018-12-03T15:22:12","modified_gmt":"2018-12-03T18:22:12","slug":"bolsonaro-pede-a-adversarios-que-abandonem-o-odio-sem-necessidade","status":"publish","type":"post","link":"https:\/\/www.caririemacao.com\/1\/2018\/12\/03\/bolsonaro-pede-a-adversarios-que-abandonem-o-odio-sem-necessidade\/","title":{"rendered":"Bolsonaro pede a advers\u00e1rios que abandonem o \u201c\u00f3dio sem necessidade\u201d"},"content":{"rendered":"<p>O presidente eleito, Jair Bolsonaro, passar\u00e1 dois dias e meio em Bras\u00edlia esta semana. \u00c0s v\u00e9speras da viagem, ele enviou uma mensagem aos advers\u00e1rios para destacar que o momento \u00e9 de paz. Ele apelou para que \u201crelaxem\u201d e abandonem o \u201c\u00f3dio sem necessidade\u201d.<\/p>\n<p>\u201cEstou vendo muitos derrotados politicamente pregando \u00f3dio sem necessidade, relaxem, cultivem o que dizem pregar que a alma fica em paz. Um conselho de quem quer ver todos bem\u201d, afirmou Bolsonaro, na sua conta no Twitter, por volta das 23h de ontem (2).<\/p>\n<p>A expectativa esta semana para a defini\u00e7\u00e3o dos nomes dos titulares para os minist\u00e9rios do Meio Ambiente e o de Cidadania (direitos humanos, mulheres e minorias). Bolsonaro chega \u00e0 capital amanh\u00e3 (4) para reuni\u00f5es com as bancadas do MDB, PRB, PR e PSDB.<\/p>\n<p>A primeira reuni\u00e3o nesta ter\u00e7a-feira ser\u00e1 com a deputada federal Tereza Cristina (DEM-MS), confirmada para o Minist\u00e9rio da Agricultura. Bolsonaro j\u00e1 disse que o titular do Meio Ambiente ter\u00e1 de ter uma boa rela\u00e7\u00e3o com a Agricultura. Inicialmente, pensou em unificar as duas pastas, mas depois, resolveu manter a separa\u00e7\u00e3o.<\/p>\n<p>Amanh\u00e3, acompanhado do ministro extraordin\u00e1rio da transi\u00e7\u00e3o, Onyx Lorenzoni, que assumir\u00e1 a Casa Civil, Bolsonaro se reunir\u00e1 com as bancadas do MDB e PRB. As duas bancadas est\u00e3o entre as maiores na pr\u00f3xima legislatura, com mais de 30 parlamentares cada.<\/p>\n<p>Na quarta-feira (5), Bolsonaro e Onyx se reunir\u00e3o com as bancadas do PR e PSDB. Tamb\u00e9m h\u00e1 encontros com embaixadores e audi\u00eancia no Quartel General do Ex\u00e9rcito.<\/p>\n<p>Ontem (2), o presidente eleito indicou que pretende decidir o nome que ocupar\u00e1 o Minist\u00e9rio do Meio Ambiente ainda esta semana. &#8220;A gente espera que se resolva a quest\u00e3o do Minist\u00e9rio do Meio Ambiente. E, da\u00ed, fechou a quest\u00e3o&#8221;, disse. Segundo Bolsonaro, estava avaliando\u00a0 &#8220;meia d\u00fazia&#8221; de nomes.<\/p>\n<p>Para o novo minist\u00e9rio a ser criado (Cidadania) que dever\u00e1 reunir direitos humanos, mulheres e fam\u00edlia, o nome cotado \u00e9 o da advogada Damares Alves, assessora do senador Magno Malta (PR-ES). Por\u00e9m, no fim de semana, Bolsonaro disse que ainda estava analisando nomes.<\/p>\n<p>Bolsonaro sinalizou que pretende reduzir de 29 para 22 minist\u00e9rios.<\/p>\n<p>&nbsp;<\/p>\n<p>EBC<\/p>\n","protected":false},"excerpt":{"rendered":"<p>O presidente eleito, Jair Bolsonaro, passar\u00e1 dois dias e meio em Bras\u00edlia esta semana. \u00c0s v\u00e9speras da viagem, ele enviou uma mensagem aos advers\u00e1rios para&hellip; <\/p>\n","protected":false},"author":1,"featured_media":44860,"comment_status":"closed","ping_status":"closed","sticky":false,"template":"","format":"standard","meta":{"sfsi_plus_gutenberg_text_before_share":"","sfsi_plus_gutenberg_show_text_before_share":"","sfsi_plus_gutenberg_icon_type":"","sfsi_plus_gutenberg_icon_alignemt":"","sfsi_plus_gutenburg_max_per_row":"","footnotes":""},"categories":[11],"tags":[],"class_list":["post-75252","post","type-post","status-publish","format-standard","has-post-thumbnail","hentry","category-politica"],"_links":{"self":[{"href":"https:\/\/www.caririemacao.com\/1\/wp-json\/wp\/v2\/posts\/75252","targetHints":{"allow":["GET"]}}],"collection":[{"href":"https:\/\/www.caririemacao.com\/1\/wp-json\/wp\/v2\/posts"}],"about":[{"href":"https:\/\/www.caririemacao.com\/1\/wp-json\/wp\/v2\/types\/post"}],"author":[{"embeddable":true,"href":"https:\/\/www.caririemacao.com\/1\/wp-json\/wp\/v2\/users\/1"}],"replies":[{"embeddable":true,"href":"https:\/\/www.caririemacao.com\/1\/wp-json\/wp\/v2\/comments?post=75252"}],"version-history":[{"count":1,"href":"https:\/\/www.caririemacao.com\/1\/wp-json\/wp\/v2\/posts\/75252\/revisions"}],"predecessor-version":[{"id":75253,"href":"https:\/\/www.caririemacao.com\/1\/wp-json\/wp\/v2\/posts\/75252\/revisions\/75253"}],"wp:featuredmedia":[{"embeddable":true,"href":"https:\/\/www.caririemacao.com\/1\/wp-json\/wp\/v2\/media\/44860"}],"wp:attachment":[{"href":"https:\/\/www.caririemacao.com\/1\/wp-json\/wp\/v2\/media?parent=75252"}],"wp:term":[{"taxonomy":"category","embeddable":true,"href":"https:\/\/www.caririemacao.com\/1\/wp-json\/wp\/v2\/categories?post=75252"},{"taxonomy":"post_tag","embeddable":true,"href":"https:\/\/www.caririemacao.com\/1\/wp-json\/wp\/v2\/tags?post=75252"}],"curies":[{"name":"wp","href":"https:\/\/api.w.org\/{rel}","templated":true}]}}