{"id":75265,"date":"2018-12-03T21:42:06","date_gmt":"2018-12-04T00:42:06","guid":{"rendered":"http:\/\/www.caririemacao.com\/1\/?p=75265"},"modified":"2018-12-03T21:42:06","modified_gmt":"2018-12-04T00:42:06","slug":"prefeitura-de-monteiro-realiza-reformas-nos-predios-do-matadouro-e-acougue-publico","status":"publish","type":"post","link":"https:\/\/www.caririemacao.com\/1\/2018\/12\/03\/prefeitura-de-monteiro-realiza-reformas-nos-predios-do-matadouro-e-acougue-publico\/","title":{"rendered":"Prefeitura de Monteiro realiza reformas nos pr\u00e9dios do Matadouro e A\u00e7ougue p\u00fablico"},"content":{"rendered":"<p>A Prefeitura de Monteiro est\u00e1 realizando diversas obras de reforma e melhoria nos pr\u00e9dios do A\u00e7ougue e Matadouro P\u00fablico.<br \/>\nOs trabalhos foram iniciados ainda dentro do m\u00eas de novembro, custeados de forma total com recursos pr\u00f3prios oriundos da arrecada\u00e7\u00e3o do IPTU.<br \/>\nDentro dos servi\u00e7os realizados no pr\u00e9dio do Matadouro P\u00fablico est\u00e3o a coloca\u00e7\u00e3o de cer\u00e2mica nas paredes internas, pinturas internas e externas, al\u00e9m de equipamentos que permitir\u00e3o a realiza\u00e7\u00e3o do abate e corte dos animais de forma totalmente suspensa, bem como com a utiliza\u00e7\u00e3o de uma pistola pneum\u00e1tica.<br \/>\nNo que diz respeito ao pr\u00e9dio do A\u00e7ougue, est\u00e3o a troca de cer\u00e2mica com amplia\u00e7\u00e3o da altura do revestimento, reforma da dispensa como coloca\u00e7\u00e3o de cer\u00e2mica nas paredes e ch\u00e3o e prateleiras, coloca\u00e7\u00e3o de frisos de alum\u00ednio nas tarimbas, troca de local de torneira que serve para uso de todos os comerciantes, troca de pias, coloca\u00e7\u00e3o de energia individual, limpeza de telhas, recupera\u00e7\u00e3o el\u00e9trica e hidr\u00e1ulica dos banheiros entre outros servi\u00e7os.<br \/>\nAs obras est\u00e3o sendo feitas em ritmo acelerado para que a entrega seja feita de forma mais r\u00e1pida poss\u00edvel beneficiando comerciantes e popula\u00e7\u00e3o conforme informa\u00e7\u00f5es do secret\u00e1rio de administra\u00e7\u00e3o Zilson Rom\u00e3o.<br \/>\n\u201cTemos observado as necessidades que a cidade tem e estas obras s\u00e3o algumas que queremos entregar de forma bem r\u00e1pida e lembramos que s\u00e3o investimentos vindos de recursos pr\u00f3prios. Toda a popula\u00e7\u00e3o pode acompanhar a reforma e observar as mudan\u00e7as que j\u00e1 acontecem\u201d, ressalta Zilson.<\/p>\n","protected":false},"excerpt":{"rendered":"<p>A Prefeitura de Monteiro est\u00e1 realizando diversas obras de reforma e melhoria nos pr\u00e9dios do A\u00e7ougue e Matadouro P\u00fablico. Os trabalhos foram iniciados ainda dentro&hellip; <\/p>\n","protected":false},"author":1,"featured_media":75266,"comment_status":"closed","ping_status":"closed","sticky":false,"template":"","format":"standard","meta":{"sfsi_plus_gutenberg_text_before_share":"","sfsi_plus_gutenberg_show_text_before_share":"","sfsi_plus_gutenberg_icon_type":"","sfsi_plus_gutenberg_icon_alignemt":"","sfsi_plus_gutenburg_max_per_row":"","footnotes":""},"categories":[2],"tags":[],"class_list":["post-75265","post","type-post","status-publish","format-standard","has-post-thumbnail","hentry","category-geral"],"_links":{"self":[{"href":"https:\/\/www.caririemacao.com\/1\/wp-json\/wp\/v2\/posts\/75265","targetHints":{"allow":["GET"]}}],"collection":[{"href":"https:\/\/www.caririemacao.com\/1\/wp-json\/wp\/v2\/posts"}],"about":[{"href":"https:\/\/www.caririemacao.com\/1\/wp-json\/wp\/v2\/types\/post"}],"author":[{"embeddable":true,"href":"https:\/\/www.caririemacao.com\/1\/wp-json\/wp\/v2\/users\/1"}],"replies":[{"embeddable":true,"href":"https:\/\/www.caririemacao.com\/1\/wp-json\/wp\/v2\/comments?post=75265"}],"version-history":[{"count":1,"href":"https:\/\/www.caririemacao.com\/1\/wp-json\/wp\/v2\/posts\/75265\/revisions"}],"predecessor-version":[{"id":75267,"href":"https:\/\/www.caririemacao.com\/1\/wp-json\/wp\/v2\/posts\/75265\/revisions\/75267"}],"wp:featuredmedia":[{"embeddable":true,"href":"https:\/\/www.caririemacao.com\/1\/wp-json\/wp\/v2\/media\/75266"}],"wp:attachment":[{"href":"https:\/\/www.caririemacao.com\/1\/wp-json\/wp\/v2\/media?parent=75265"}],"wp:term":[{"taxonomy":"category","embeddable":true,"href":"https:\/\/www.caririemacao.com\/1\/wp-json\/wp\/v2\/categories?post=75265"},{"taxonomy":"post_tag","embeddable":true,"href":"https:\/\/www.caririemacao.com\/1\/wp-json\/wp\/v2\/tags?post=75265"}],"curies":[{"name":"wp","href":"https:\/\/api.w.org\/{rel}","templated":true}]}}