{"id":75268,"date":"2018-12-03T21:45:14","date_gmt":"2018-12-04T00:45:14","guid":{"rendered":"http:\/\/www.caririemacao.com\/1\/?p=75268"},"modified":"2018-12-03T21:45:14","modified_gmt":"2018-12-04T00:45:14","slug":"sumeense-conquista-bronze-em-olimpiada-de-matematica","status":"publish","type":"post","link":"https:\/\/www.caririemacao.com\/1\/2018\/12\/03\/sumeense-conquista-bronze-em-olimpiada-de-matematica\/","title":{"rendered":"Sumeense conquista bronze em Olimp\u00edada de Matem\u00e1tica"},"content":{"rendered":"<p>A estudante sumeense, Aline Soares de Siqueira, \u00e9 medalhista pela 4\u00b0 vez consecutiva da Olimp\u00edada Brasileira de Matem\u00e1tica das Escolas P\u00fablicas &#8211; OBMEP.<\/p>\n<p>Aline Soares estuda na escola Jos\u00e9 Bonif\u00e1cio Barbosa de Andrade no Distrito de Pio \u2013 X, munic\u00edpio de Sum\u00e9 e cursa atualmente o 9\u00b0 ano do ensino fundamental a estudante. A estudante vem se destacando no certame desde o 6\u00b0ano. A jovem tamb\u00e9m se tornou uma refer\u00eancia, uma vez que conquistou esse ano, medalha de bronze na OCM- Olimp\u00edadas Campinense de Matem\u00e1tica.<\/p>\n<p><img fetchpriority=\"high\" decoding=\"async\" class=\"aligncenter wp-image-75271 size-full\" src=\"http:\/\/www.caririemacao.com\/1\/wp-content\/uploads\/2018\/12\/fbf12661-2a34-413f-96fc-a1e1b6f1c506.jpg\" alt=\"\" width=\"960\" height=\"740\" srcset=\"https:\/\/www.caririemacao.com\/1\/wp-content\/uploads\/2018\/12\/fbf12661-2a34-413f-96fc-a1e1b6f1c506.jpg 960w, https:\/\/www.caririemacao.com\/1\/wp-content\/uploads\/2018\/12\/fbf12661-2a34-413f-96fc-a1e1b6f1c506-300x231.jpg 300w, https:\/\/www.caririemacao.com\/1\/wp-content\/uploads\/2018\/12\/fbf12661-2a34-413f-96fc-a1e1b6f1c506-768x592.jpg 768w\" sizes=\"(max-width: 960px) 100vw, 960px\" \/><\/p>\n<p>O diretor da institui\u00e7\u00e3o, Isaias, revelou a nossa reportagem que a escola se sente honrada por ter uma estudante que \u00e9 exemplo para todos\/as.<\/p>\n<p>\u201cA nossa escola se sente honrada por ter em nosso quadro discente essa dedicada estudante. S\u00f3 temo engradecido o nome desta institui\u00e7\u00e3o de ensino, que vem com uma proposta diferenciada de educa\u00e7\u00e3o, no mais parabenizamos Aline Soares e a desejamos muito sucesso.\u201d<\/p>\n<p><img decoding=\"async\" class=\"aligncenter wp-image-75269 size-full lazyload\" data-src=\"http:\/\/www.caririemacao.com\/1\/wp-content\/uploads\/2018\/12\/625ee5d8-ed97-4c89-bce9-aec6142a14d0.jpg\" alt=\"\" width=\"1032\" height=\"774\" data-srcset=\"https:\/\/www.caririemacao.com\/1\/wp-content\/uploads\/2018\/12\/625ee5d8-ed97-4c89-bce9-aec6142a14d0.jpg 1032w, https:\/\/www.caririemacao.com\/1\/wp-content\/uploads\/2018\/12\/625ee5d8-ed97-4c89-bce9-aec6142a14d0-300x225.jpg 300w, https:\/\/www.caririemacao.com\/1\/wp-content\/uploads\/2018\/12\/625ee5d8-ed97-4c89-bce9-aec6142a14d0-768x576.jpg 768w, https:\/\/www.caririemacao.com\/1\/wp-content\/uploads\/2018\/12\/625ee5d8-ed97-4c89-bce9-aec6142a14d0-1024x768.jpg 1024w\" data-sizes=\"(max-width: 1032px) 100vw, 1032px\" src=\"data:image\/svg+xml;base64,PHN2ZyB3aWR0aD0iMSIgaGVpZ2h0PSIxIiB4bWxucz0iaHR0cDovL3d3dy53My5vcmcvMjAwMC9zdmciPjwvc3ZnPg==\" style=\"--smush-placeholder-width: 1032px; --smush-placeholder-aspect-ratio: 1032\/774;\" \/><\/p>\n<p>A OBMEP \u00e9 uma competi\u00e7\u00e3o organizada pelo Instituto de Matem\u00e1tica Pura e Aplicada (IMPA), em parceria com a Sociedade Brasileira de Matem\u00e1tica (SBM) e j\u00e1 est\u00e1 em sua 14\u00aa edi\u00e7\u00e3o.<\/p>\n<p style=\"text-align: right;\"><em><strong>Reda\u00e7\u00e3o Cariri em A\u00e7\u00e3o<\/strong><\/em><\/p>\n","protected":false},"excerpt":{"rendered":"<p>A estudante sumeense, Aline Soares de Siqueira, \u00e9 medalhista pela 4\u00b0 vez consecutiva da Olimp\u00edada Brasileira de Matem\u00e1tica das Escolas P\u00fablicas &#8211; OBMEP. Aline Soares&hellip; <\/p>\n","protected":false},"author":1,"featured_media":75270,"comment_status":"closed","ping_status":"closed","sticky":false,"template":"","format":"standard","meta":{"sfsi_plus_gutenberg_text_before_share":"","sfsi_plus_gutenberg_show_text_before_share":"","sfsi_plus_gutenberg_icon_type":"","sfsi_plus_gutenberg_icon_alignemt":"","sfsi_plus_gutenburg_max_per_row":"","footnotes":""},"categories":[50,14],"tags":[],"class_list":["post-75268","post","type-post","status-publish","format-standard","has-post-thumbnail","hentry","category-destaque","category-educacao"],"_links":{"self":[{"href":"https:\/\/www.caririemacao.com\/1\/wp-json\/wp\/v2\/posts\/75268","targetHints":{"allow":["GET"]}}],"collection":[{"href":"https:\/\/www.caririemacao.com\/1\/wp-json\/wp\/v2\/posts"}],"about":[{"href":"https:\/\/www.caririemacao.com\/1\/wp-json\/wp\/v2\/types\/post"}],"author":[{"embeddable":true,"href":"https:\/\/www.caririemacao.com\/1\/wp-json\/wp\/v2\/users\/1"}],"replies":[{"embeddable":true,"href":"https:\/\/www.caririemacao.com\/1\/wp-json\/wp\/v2\/comments?post=75268"}],"version-history":[{"count":1,"href":"https:\/\/www.caririemacao.com\/1\/wp-json\/wp\/v2\/posts\/75268\/revisions"}],"predecessor-version":[{"id":75272,"href":"https:\/\/www.caririemacao.com\/1\/wp-json\/wp\/v2\/posts\/75268\/revisions\/75272"}],"wp:featuredmedia":[{"embeddable":true,"href":"https:\/\/www.caririemacao.com\/1\/wp-json\/wp\/v2\/media\/75270"}],"wp:attachment":[{"href":"https:\/\/www.caririemacao.com\/1\/wp-json\/wp\/v2\/media?parent=75268"}],"wp:term":[{"taxonomy":"category","embeddable":true,"href":"https:\/\/www.caririemacao.com\/1\/wp-json\/wp\/v2\/categories?post=75268"},{"taxonomy":"post_tag","embeddable":true,"href":"https:\/\/www.caririemacao.com\/1\/wp-json\/wp\/v2\/tags?post=75268"}],"curies":[{"name":"wp","href":"https:\/\/api.w.org\/{rel}","templated":true}]}}