{"id":75273,"date":"2018-12-03T21:50:47","date_gmt":"2018-12-04T00:50:47","guid":{"rendered":"http:\/\/www.caririemacao.com\/1\/?p=75273"},"modified":"2018-12-03T21:50:47","modified_gmt":"2018-12-04T00:50:47","slug":"alunos-da-escola-juarez-maracaja-realizam-acao-social-em-abrigo-em-serra-branca","status":"publish","type":"post","link":"https:\/\/www.caririemacao.com\/1\/2018\/12\/03\/alunos-da-escola-juarez-maracaja-realizam-acao-social-em-abrigo-em-serra-branca\/","title":{"rendered":"Alunos da escola Juarez Maracaj\u00e1 realizam a\u00e7\u00e3o social em abrigo em Serra Branca"},"content":{"rendered":"<p>Os alunos da Escola Juarez Maracaj\u00e1 da cidade de Gurj\u00e3o estiveram visitando no \u00faltimo s\u00e1bado (01) o Abrigo S\u00e3o Vicente de Paulo, na cidade de Serra Branca, trocando a sala de aula por uma experi\u00eancia mais que especial, conhecer de perto a rotina dos idosos.<\/p>\n<p><img fetchpriority=\"high\" decoding=\"async\" class=\"aligncenter wp-image-75275 size-full\" src=\"http:\/\/www.caririemacao.com\/1\/wp-content\/uploads\/2018\/12\/160ec711-f39e-4614-8480-9827e8077bb4.jpg\" alt=\"\" width=\"1032\" height=\"774\" srcset=\"https:\/\/www.caririemacao.com\/1\/wp-content\/uploads\/2018\/12\/160ec711-f39e-4614-8480-9827e8077bb4.jpg 1032w, https:\/\/www.caririemacao.com\/1\/wp-content\/uploads\/2018\/12\/160ec711-f39e-4614-8480-9827e8077bb4-300x225.jpg 300w, https:\/\/www.caririemacao.com\/1\/wp-content\/uploads\/2018\/12\/160ec711-f39e-4614-8480-9827e8077bb4-768x576.jpg 768w, https:\/\/www.caririemacao.com\/1\/wp-content\/uploads\/2018\/12\/160ec711-f39e-4614-8480-9827e8077bb4-1024x768.jpg 1024w\" sizes=\"(max-width: 1032px) 100vw, 1032px\" \/><\/p>\n<p>Acompanhados da diretora Ana Lu\u00edza Coutinho, os alunos do educand\u00e1rio promoveram junto aos idosos um momento de divers\u00e3o, oferecendo aten\u00e7\u00e3o e ouvindo as hist\u00f3rias e conselhos daqueles que t\u00eam muita experi\u00eancia de vida.<\/p>\n<p><img decoding=\"async\" class=\"aligncenter wp-image-75276 size-full lazyload\" data-src=\"http:\/\/www.caririemacao.com\/1\/wp-content\/uploads\/2018\/12\/c1aa995c-5596-4bab-9aac-50328e917ca9.jpg\" alt=\"\" width=\"1024\" height=\"769\" data-srcset=\"https:\/\/www.caririemacao.com\/1\/wp-content\/uploads\/2018\/12\/c1aa995c-5596-4bab-9aac-50328e917ca9.jpg 1024w, https:\/\/www.caririemacao.com\/1\/wp-content\/uploads\/2018\/12\/c1aa995c-5596-4bab-9aac-50328e917ca9-300x225.jpg 300w, https:\/\/www.caririemacao.com\/1\/wp-content\/uploads\/2018\/12\/c1aa995c-5596-4bab-9aac-50328e917ca9-768x577.jpg 768w\" data-sizes=\"(max-width: 1024px) 100vw, 1024px\" src=\"data:image\/svg+xml;base64,PHN2ZyB3aWR0aD0iMSIgaGVpZ2h0PSIxIiB4bWxucz0iaHR0cDovL3d3dy53My5vcmcvMjAwMC9zdmciPjwvc3ZnPg==\" style=\"--smush-placeholder-width: 1024px; --smush-placeholder-aspect-ratio: 1024\/769;\" \/><\/p>\n<p>Em conversa com a professora Ana Lu\u00edza Coutinho, diretora do Juarez, ela destacou a import\u00e2ncia de despertar o sentimento humanit\u00e1rio nos alunos. Ao final da visita, os alunos fizeram a doa\u00e7\u00e3o de donativos arrecadados pela institui\u00e7\u00e3o que vai ajudar aos idosos da institui\u00e7\u00e3o.<\/p>\n<p><img decoding=\"async\" class=\"aligncenter wp-image-75274 size-full lazyload\" data-src=\"http:\/\/www.caririemacao.com\/1\/wp-content\/uploads\/2018\/12\/5d51daee-62a5-44b2-9f09-56380eb54f1e.jpg\" alt=\"\" width=\"1032\" height=\"774\" data-srcset=\"https:\/\/www.caririemacao.com\/1\/wp-content\/uploads\/2018\/12\/5d51daee-62a5-44b2-9f09-56380eb54f1e.jpg 1032w, https:\/\/www.caririemacao.com\/1\/wp-content\/uploads\/2018\/12\/5d51daee-62a5-44b2-9f09-56380eb54f1e-300x225.jpg 300w, https:\/\/www.caririemacao.com\/1\/wp-content\/uploads\/2018\/12\/5d51daee-62a5-44b2-9f09-56380eb54f1e-768x576.jpg 768w, https:\/\/www.caririemacao.com\/1\/wp-content\/uploads\/2018\/12\/5d51daee-62a5-44b2-9f09-56380eb54f1e-1024x768.jpg 1024w\" data-sizes=\"(max-width: 1032px) 100vw, 1032px\" src=\"data:image\/svg+xml;base64,PHN2ZyB3aWR0aD0iMSIgaGVpZ2h0PSIxIiB4bWxucz0iaHR0cDovL3d3dy53My5vcmcvMjAwMC9zdmciPjwvc3ZnPg==\" style=\"--smush-placeholder-width: 1032px; --smush-placeholder-aspect-ratio: 1032\/774;\" \/><\/p>\n<p style=\"text-align: right;\"><strong><em>Reda\u00e7\u00e3o Cariri em A\u00e7\u00e3o\u00a0<\/em><\/strong><\/p>\n","protected":false},"excerpt":{"rendered":"<p>Os alunos da Escola Juarez Maracaj\u00e1 da cidade de Gurj\u00e3o estiveram visitando no \u00faltimo s\u00e1bado (01) o Abrigo S\u00e3o Vicente de Paulo, na cidade de&hellip; <\/p>\n","protected":false},"author":1,"featured_media":75277,"comment_status":"closed","ping_status":"closed","sticky":false,"template":"","format":"standard","meta":{"sfsi_plus_gutenberg_text_before_share":"","sfsi_plus_gutenberg_show_text_before_share":"","sfsi_plus_gutenberg_icon_type":"","sfsi_plus_gutenberg_icon_alignemt":"","sfsi_plus_gutenburg_max_per_row":"","footnotes":""},"categories":[6],"tags":[],"class_list":["post-75273","post","type-post","status-publish","format-standard","has-post-thumbnail","hentry","category-cidades"],"_links":{"self":[{"href":"https:\/\/www.caririemacao.com\/1\/wp-json\/wp\/v2\/posts\/75273","targetHints":{"allow":["GET"]}}],"collection":[{"href":"https:\/\/www.caririemacao.com\/1\/wp-json\/wp\/v2\/posts"}],"about":[{"href":"https:\/\/www.caririemacao.com\/1\/wp-json\/wp\/v2\/types\/post"}],"author":[{"embeddable":true,"href":"https:\/\/www.caririemacao.com\/1\/wp-json\/wp\/v2\/users\/1"}],"replies":[{"embeddable":true,"href":"https:\/\/www.caririemacao.com\/1\/wp-json\/wp\/v2\/comments?post=75273"}],"version-history":[{"count":1,"href":"https:\/\/www.caririemacao.com\/1\/wp-json\/wp\/v2\/posts\/75273\/revisions"}],"predecessor-version":[{"id":75279,"href":"https:\/\/www.caririemacao.com\/1\/wp-json\/wp\/v2\/posts\/75273\/revisions\/75279"}],"wp:featuredmedia":[{"embeddable":true,"href":"https:\/\/www.caririemacao.com\/1\/wp-json\/wp\/v2\/media\/75277"}],"wp:attachment":[{"href":"https:\/\/www.caririemacao.com\/1\/wp-json\/wp\/v2\/media?parent=75273"}],"wp:term":[{"taxonomy":"category","embeddable":true,"href":"https:\/\/www.caririemacao.com\/1\/wp-json\/wp\/v2\/categories?post=75273"},{"taxonomy":"post_tag","embeddable":true,"href":"https:\/\/www.caririemacao.com\/1\/wp-json\/wp\/v2\/tags?post=75273"}],"curies":[{"name":"wp","href":"https:\/\/api.w.org\/{rel}","templated":true}]}}