{"id":75278,"date":"2018-12-03T21:52:31","date_gmt":"2018-12-04T00:52:31","guid":{"rendered":"http:\/\/www.caririemacao.com\/1\/?p=75278"},"modified":"2018-12-03T21:52:31","modified_gmt":"2018-12-04T00:52:31","slug":"nunca-participei-de-reuniao-com-bolsonaro-porque-nunca-fui-convidado-revela-azevedo","status":"publish","type":"post","link":"https:\/\/www.caririemacao.com\/1\/2018\/12\/03\/nunca-participei-de-reuniao-com-bolsonaro-porque-nunca-fui-convidado-revela-azevedo\/","title":{"rendered":"\u2018Nunca participei de reuni\u00e3o com Bolsonaro porque nunca fui convidado\u2019, revela Azev\u00eado"},"content":{"rendered":"<div class=\"noticiacorpo\">\n<p class=\" \">O governador eleito da Para\u00edba, Jo\u00e3o Azev\u00eado (PSB), nesta segunda-feira (03), reafirmou que n\u00e3o teria restri\u00e7\u00f5es para encontrar o presidente eleito Jair Bolsonaro (PSL), apesar de suas diferen\u00e7as pol\u00edticas, uma vez que o socialista, ao lado de Ricardo Coutinho, fez aberta campanha para o candidato petista Fernando Haddad.<\/p>\n<p class=\" \">\u00a0\u201cEu participarei de qualquer reuni\u00e3o quando convocada pelo presidente da rep\u00fablica, mas at\u00e9 hoje nunca houve uma convoca\u00e7\u00e3o dele para isso. Essa \u00e9 a quest\u00e3o colocada, \u00e0s vezes as pessoas misturam um pouco. Volta a dizer, estamos prontos para participar de qualquer reuni\u00e3o, contanto que sejamos convocados o que nunca aconteceu\u201d, declarou.<\/p>\n<p class=\" \">Azev\u00eado lembrou que houve um encontro com os gestores do Nordeste em Bras\u00edlia convocado pelo governador escolhido do Distrito Federal, Ibaneis Rocha (MDB), com o futuro chefe da Casa Civil, Onyx Lorenzoni (Democratas), onde Bolsonaro participou apenas do fechamento. Ele garantiu ainda que n\u00e3o h\u00e1 nenhuma reuni\u00e3o marcada para a pr\u00f3xima ter\u00e7a-feira.<\/p>\n<p class=\" \">\u201cO que tem \u00e9 uma reuni\u00e3o dos governadores do Nordeste para dar continuidade a uma pauta que iniciamos h\u00e1 poucos dias, da vota\u00e7\u00e3o de alguns projetos de lei que s\u00e3o de interesse do estado. No dia 12 de dezembro, especificamente para tratar de seguran\u00e7a, vamos nos encontrar com o ministro indicado da Justi\u00e7a, juiz S\u00e9rgio Moro, mas n\u00e3o tem nenhuma convoca\u00e7\u00e3o de Bolsonaro\u201d, disse.<\/p>\n<\/div>\n<p class=\"noticia_fonte\">Yves Feitosa<\/p>\n","protected":false},"excerpt":{"rendered":"<p>O governador eleito da Para\u00edba, Jo\u00e3o Azev\u00eado (PSB), nesta segunda-feira (03), reafirmou que n\u00e3o teria restri\u00e7\u00f5es para encontrar o presidente eleito Jair Bolsonaro (PSL), apesar&hellip; <\/p>\n","protected":false},"author":1,"featured_media":59625,"comment_status":"closed","ping_status":"closed","sticky":false,"template":"","format":"standard","meta":{"sfsi_plus_gutenberg_text_before_share":"","sfsi_plus_gutenberg_show_text_before_share":"","sfsi_plus_gutenberg_icon_type":"","sfsi_plus_gutenberg_icon_alignemt":"","sfsi_plus_gutenburg_max_per_row":"","footnotes":""},"categories":[11],"tags":[],"class_list":["post-75278","post","type-post","status-publish","format-standard","has-post-thumbnail","hentry","category-politica"],"_links":{"self":[{"href":"https:\/\/www.caririemacao.com\/1\/wp-json\/wp\/v2\/posts\/75278","targetHints":{"allow":["GET"]}}],"collection":[{"href":"https:\/\/www.caririemacao.com\/1\/wp-json\/wp\/v2\/posts"}],"about":[{"href":"https:\/\/www.caririemacao.com\/1\/wp-json\/wp\/v2\/types\/post"}],"author":[{"embeddable":true,"href":"https:\/\/www.caririemacao.com\/1\/wp-json\/wp\/v2\/users\/1"}],"replies":[{"embeddable":true,"href":"https:\/\/www.caririemacao.com\/1\/wp-json\/wp\/v2\/comments?post=75278"}],"version-history":[{"count":1,"href":"https:\/\/www.caririemacao.com\/1\/wp-json\/wp\/v2\/posts\/75278\/revisions"}],"predecessor-version":[{"id":75281,"href":"https:\/\/www.caririemacao.com\/1\/wp-json\/wp\/v2\/posts\/75278\/revisions\/75281"}],"wp:featuredmedia":[{"embeddable":true,"href":"https:\/\/www.caririemacao.com\/1\/wp-json\/wp\/v2\/media\/59625"}],"wp:attachment":[{"href":"https:\/\/www.caririemacao.com\/1\/wp-json\/wp\/v2\/media?parent=75278"}],"wp:term":[{"taxonomy":"category","embeddable":true,"href":"https:\/\/www.caririemacao.com\/1\/wp-json\/wp\/v2\/categories?post=75278"},{"taxonomy":"post_tag","embeddable":true,"href":"https:\/\/www.caririemacao.com\/1\/wp-json\/wp\/v2\/tags?post=75278"}],"curies":[{"name":"wp","href":"https:\/\/api.w.org\/{rel}","templated":true}]}}