{"id":75280,"date":"2018-12-03T21:53:27","date_gmt":"2018-12-04T00:53:27","guid":{"rendered":"http:\/\/www.caririemacao.com\/1\/?p=75280"},"modified":"2018-12-03T21:53:27","modified_gmt":"2018-12-04T00:53:27","slug":"csp-e-queimadense-estreiam-dia-03-de-janeiro-2019-na-copa-sao-paulo-de-futebol-jr","status":"publish","type":"post","link":"https:\/\/www.caririemacao.com\/1\/2018\/12\/03\/csp-e-queimadense-estreiam-dia-03-de-janeiro-2019-na-copa-sao-paulo-de-futebol-jr\/","title":{"rendered":"CSP e Queimadense estreiam dia 03 de Janeiro 2019 na Copa S\u00e3o Paulo de Futebol Jr"},"content":{"rendered":"<p style=\"font-weight: 400;\">Representantes do estado na Copa S\u00e3o Paulo de Futebol J\u00fanior, CSP e Queimadense conheceram nessa sexta-feira (30) dias e hor\u00e1rios dos seus jogos na primeira fase da competi\u00e7\u00e3o, que tem in\u00edcio no dia 2 de janeiro.<\/p>\n<p style=\"font-weight: 400;\">O Tigre Praiano est\u00e1 no Grupo 06, que tem sede em Tup\u00e3, juntamente com Comercial-SP,\u00a0Tup\u00e3-SP e Atl\u00e9tico-PR. O tricolor de Jo\u00e3o Pessoa inicia sua campanha no dia 3, quando enfrentar\u00e1 o rubro-negro do Paran\u00e1, principal time desta chave. Tr\u00eas dias depois duela com os donos da casa, e encerra sua participa\u00e7\u00e3o nesta fase contra o Comercial-SP, dia 9.<\/p>\n<p style=\"font-weight: 400;\">J\u00e1 a Queimadense fica em Indaiatuba, no Grupo 19, e tem companhia de Fortaleza-CE, Sert\u00e3ozinho-SP e Primavera-SP. Assim como o CSP, o time do agreste joga nos dias 3, 6 e 9, e vai enfrentar o tricolor cearense, Primavera e Sert\u00e3ozinho, respectivamente.<\/p>\n<p style=\"font-weight: 400;\">Em 2018, S\u00e3o Paulo Crystal e Botafogo-PB representaram a Para\u00edba na competi\u00e7\u00e3o.<\/p>\n<p style=\"font-weight: 400;\">Enquanto o time de Cruz do Esp\u00edrito Santo fez 2 pontos e ficou na lanterna de seu grupo, o Belo somou 5 e conseguiu classifica\u00e7\u00e3o para a segunda fase, quando foi derrotado pelo Palmeiras-SP por 2 a 0.<\/p>\n<p style=\"font-weight: 400; text-align: right;\"><em><strong>Bastidores do Esporte<\/strong><\/em><\/p>\n","protected":false},"excerpt":{"rendered":"<p>Representantes do estado na Copa S\u00e3o Paulo de Futebol J\u00fanior, CSP e Queimadense conheceram nessa sexta-feira (30) dias e hor\u00e1rios dos seus jogos na primeira&hellip; <\/p>\n","protected":false},"author":1,"featured_media":75282,"comment_status":"closed","ping_status":"closed","sticky":false,"template":"","format":"standard","meta":{"sfsi_plus_gutenberg_text_before_share":"","sfsi_plus_gutenberg_show_text_before_share":"","sfsi_plus_gutenberg_icon_type":"","sfsi_plus_gutenberg_icon_alignemt":"","sfsi_plus_gutenburg_max_per_row":"","footnotes":""},"categories":[13],"tags":[],"class_list":["post-75280","post","type-post","status-publish","format-standard","has-post-thumbnail","hentry","category-esportes"],"_links":{"self":[{"href":"https:\/\/www.caririemacao.com\/1\/wp-json\/wp\/v2\/posts\/75280","targetHints":{"allow":["GET"]}}],"collection":[{"href":"https:\/\/www.caririemacao.com\/1\/wp-json\/wp\/v2\/posts"}],"about":[{"href":"https:\/\/www.caririemacao.com\/1\/wp-json\/wp\/v2\/types\/post"}],"author":[{"embeddable":true,"href":"https:\/\/www.caririemacao.com\/1\/wp-json\/wp\/v2\/users\/1"}],"replies":[{"embeddable":true,"href":"https:\/\/www.caririemacao.com\/1\/wp-json\/wp\/v2\/comments?post=75280"}],"version-history":[{"count":1,"href":"https:\/\/www.caririemacao.com\/1\/wp-json\/wp\/v2\/posts\/75280\/revisions"}],"predecessor-version":[{"id":75283,"href":"https:\/\/www.caririemacao.com\/1\/wp-json\/wp\/v2\/posts\/75280\/revisions\/75283"}],"wp:featuredmedia":[{"embeddable":true,"href":"https:\/\/www.caririemacao.com\/1\/wp-json\/wp\/v2\/media\/75282"}],"wp:attachment":[{"href":"https:\/\/www.caririemacao.com\/1\/wp-json\/wp\/v2\/media?parent=75280"}],"wp:term":[{"taxonomy":"category","embeddable":true,"href":"https:\/\/www.caririemacao.com\/1\/wp-json\/wp\/v2\/categories?post=75280"},{"taxonomy":"post_tag","embeddable":true,"href":"https:\/\/www.caririemacao.com\/1\/wp-json\/wp\/v2\/tags?post=75280"}],"curies":[{"name":"wp","href":"https:\/\/api.w.org\/{rel}","templated":true}]}}