{"id":75284,"date":"2018-12-03T22:00:47","date_gmt":"2018-12-04T01:00:47","guid":{"rendered":"http:\/\/www.caririemacao.com\/1\/?p=75284"},"modified":"2018-12-03T22:00:47","modified_gmt":"2018-12-04T01:00:47","slug":"definidos-detalhes-do-classico-dos-maiorais-que-vai-inaugurar-gramado-do-amigao","status":"publish","type":"post","link":"https:\/\/www.caririemacao.com\/1\/2018\/12\/03\/definidos-detalhes-do-classico-dos-maiorais-que-vai-inaugurar-gramado-do-amigao\/","title":{"rendered":"Definidos detalhes do Cl\u00e1ssico dos Maiorais que vai inaugurar gramado do Amig\u00e3o"},"content":{"rendered":"<p><!------------------->\u00a0\u00a0\u00a0\u00a0\u00a0\u00a0\u00a0<!--banner-editoria-->\u00a0\u00a0\u00a0\u00a0\u00a0\u00a0\u00a0<!------------------->\u00a0\u00a0\u00a0\u00a0\u00a0\u00a0\u00a0\u00a0\u00a0\u00a0\u00a0\u00a0\u00a0<!------------------->\u00a0\u00a0\u00a0\u00a0\u00a0\u00a0\u00a0<!-------fim--------->\u00a0\u00a0\u00a0\u00a0\u00a0\u00a0\u00a0<!------------------->\u00a0\u00a0\u00a0\u00a0\u00a0\u00a0\u00a0\u00a0\u00a0\u00a0\u00a0\u00a0<!--conte\u00fado--><\/p>\n<div class=\"content\">\n<p>Em solenidade realizada na manh\u00e3 desta segunda-feira (03), na Granja Santana, em Jo\u00e3o Pessoa, onde o governador da Para\u00edba, Ricardo Coutinho, assinou decreto de continuidade do Programa Gol Placa, os dirigentes de Campinense e Treze aproveitaram para ajustar os detalhes finais em rela\u00e7\u00e3o ao amistoso entre as equipes no pr\u00f3ximo dia 19, quando o novo gramado do Amig\u00e3o ser\u00e1 inaugurado.<\/p>\n<p>E atrav\u00e9s de sorteio, com uma moeda curiosamente manuseada pelo presidente do Botafogo-PB, S\u00e9rgio Meira, ficou definido que o Rubro-Negro ser\u00e1 o mandante do Cl\u00e1ssico dos Maiorais, ganhando assim o direito de se acomodar no vesti\u00e1rio n\u00famero 1, \u00e0 direita das cabines de imprensa.<\/p>\n<p>A torcida raposeira tamb\u00e9m ser\u00e1 posicionada \u00e0 direita das tribunas, embaixo da marquise, com os trezeanos do lado oposto, como tradicionalmente se convencionou desde a d\u00e9cada de 1970 nos d\u00e9rbis da Borborema.<\/p>\n<div id=\"attachment_242410\" class=\"wp-caption alignnone\"><img decoding=\"async\" class=\"wp-image-242410 size-full lazyload\" data-src=\"https:\/\/paraibaonline.com.br\/wp-content\/uploads\/2018\/01\/ClassicoDosMaiorais.jpg\" data-srcset=\"https:\/\/paraibaonline.com.br\/wp-content\/uploads\/2018\/01\/ClassicoDosMaiorais.jpg 800w, https:\/\/paraibaonline.com.br\/wp-content\/uploads\/2018\/01\/ClassicoDosMaiorais-567x374.jpg 567w\" alt=\"\" src=\"data:image\/svg+xml;base64,PHN2ZyB3aWR0aD0iMSIgaGVpZ2h0PSIxIiB4bWxucz0iaHR0cDovL3d3dy53My5vcmcvMjAwMC9zdmciPjwvc3ZnPg==\" \/><\/p>\n<p class=\"wp-caption-text\">Foto: Divulga\u00e7\u00e3o<\/p>\n<\/div>\n<p>O sorteio foi solicitado pela diretoria do Treze, que desejava acomodar o time no vesti\u00e1rio n\u00famero 1 e colocou essa condi\u00e7\u00e3o como determinante para aceitar a realiza\u00e7\u00e3o do amistoso.<\/p>\n<p>A partida de inaugura\u00e7\u00e3o do novo gramado do Amig\u00e3o est\u00e1 marcada para a noite do dia 19, uma quarta-feira, com uma solenidade do Governo do Estado agendada para antes de a bola rolar. A renda do amistoso ser\u00e1 dividida entre rubro-negros e alvinegros.<\/p>\n<p>Pelo que apurou o <strong>PARAIBAONLINE,\u00a0<\/strong>cada clube ser\u00e1 respons\u00e1vel pela sua log\u00edstica de venda de ingressos nos respectivos locais estabelecidos para receber raposeiros e trezeanos.<\/p>\n<p>No dia do jogo as entradas dever\u00e3o custar R$ 100 nas cadeiras, R$ 60 na arquibancada principal e R$ 40 na geral. A pretens\u00e3o dos Maiorais \u00e9 vender os bilhetes antecipadamente com pre\u00e7os promocionais: R$ 50, R$ 30 e R$ 20, respectivamente.<\/p>\n<p>Ainda durante essa semana, os presidentes Antonino Macedo, do Campinense, e Walter J\u00fanior, do Treze, devem confirmar os detalhes referentes ao Cl\u00e1ssico dos Maiorais que vai inaugurar o novo tapete verde do Colosso da Borborema.<\/p>\n<\/div>\n","protected":false},"excerpt":{"rendered":"<p>\u00a0\u00a0\u00a0\u00a0\u00a0\u00a0\u00a0\u00a0\u00a0\u00a0\u00a0\u00a0\u00a0\u00a0\u00a0\u00a0\u00a0\u00a0\u00a0\u00a0\u00a0\u00a0\u00a0\u00a0\u00a0\u00a0\u00a0\u00a0\u00a0\u00a0\u00a0\u00a0\u00a0\u00a0\u00a0\u00a0\u00a0\u00a0\u00a0\u00a0\u00a0\u00a0\u00a0\u00a0\u00a0\u00a0\u00a0\u00a0\u00a0\u00a0\u00a0\u00a0\u00a0 Em solenidade realizada na manh\u00e3 desta segunda-feira (03), na Granja Santana, em Jo\u00e3o Pessoa, onde o governador da Para\u00edba, Ricardo Coutinho, assinou decreto de&hellip; <\/p>\n","protected":false},"author":1,"featured_media":75285,"comment_status":"closed","ping_status":"closed","sticky":false,"template":"","format":"standard","meta":{"sfsi_plus_gutenberg_text_before_share":"","sfsi_plus_gutenberg_show_text_before_share":"","sfsi_plus_gutenberg_icon_type":"","sfsi_plus_gutenberg_icon_alignemt":"","sfsi_plus_gutenburg_max_per_row":"","footnotes":""},"categories":[13],"tags":[],"class_list":["post-75284","post","type-post","status-publish","format-standard","has-post-thumbnail","hentry","category-esportes"],"_links":{"self":[{"href":"https:\/\/www.caririemacao.com\/1\/wp-json\/wp\/v2\/posts\/75284","targetHints":{"allow":["GET"]}}],"collection":[{"href":"https:\/\/www.caririemacao.com\/1\/wp-json\/wp\/v2\/posts"}],"about":[{"href":"https:\/\/www.caririemacao.com\/1\/wp-json\/wp\/v2\/types\/post"}],"author":[{"embeddable":true,"href":"https:\/\/www.caririemacao.com\/1\/wp-json\/wp\/v2\/users\/1"}],"replies":[{"embeddable":true,"href":"https:\/\/www.caririemacao.com\/1\/wp-json\/wp\/v2\/comments?post=75284"}],"version-history":[{"count":1,"href":"https:\/\/www.caririemacao.com\/1\/wp-json\/wp\/v2\/posts\/75284\/revisions"}],"predecessor-version":[{"id":75286,"href":"https:\/\/www.caririemacao.com\/1\/wp-json\/wp\/v2\/posts\/75284\/revisions\/75286"}],"wp:featuredmedia":[{"embeddable":true,"href":"https:\/\/www.caririemacao.com\/1\/wp-json\/wp\/v2\/media\/75285"}],"wp:attachment":[{"href":"https:\/\/www.caririemacao.com\/1\/wp-json\/wp\/v2\/media?parent=75284"}],"wp:term":[{"taxonomy":"category","embeddable":true,"href":"https:\/\/www.caririemacao.com\/1\/wp-json\/wp\/v2\/categories?post=75284"},{"taxonomy":"post_tag","embeddable":true,"href":"https:\/\/www.caririemacao.com\/1\/wp-json\/wp\/v2\/tags?post=75284"}],"curies":[{"name":"wp","href":"https:\/\/api.w.org\/{rel}","templated":true}]}}