{"id":75287,"date":"2018-12-03T22:05:22","date_gmt":"2018-12-04T01:05:22","guid":{"rendered":"http:\/\/www.caririemacao.com\/1\/?p=75287"},"modified":"2018-12-03T22:05:54","modified_gmt":"2018-12-04T01:05:54","slug":"partida-de-futebol-marca-final-da-programacao-do-novembro-azul-em-amparo","status":"publish","type":"post","link":"https:\/\/www.caririemacao.com\/1\/2018\/12\/03\/partida-de-futebol-marca-final-da-programacao-do-novembro-azul-em-amparo\/","title":{"rendered":"Partida de Futebol marca final da programa\u00e7\u00e3o do Novembro Azul em Amparo"},"content":{"rendered":"<p>A Prefeitura Municipal de Amparo em parceria com as Secretarias de Sa\u00fade e de Assist\u00eancia Social realizou o encerramento da programa\u00e7\u00e3o do Novembro Azul com uma grande partida de futebol no Est\u00e1dio Municipal de Amparo.<\/p>\n<p>A partida foi disputada entre as equipes dos Veteranos contra a Equipe Sub-23, o jogo foi bastante corrido, com muitos gols e um placar de 5 a 4 para o Sub-23, durante a partida, a equipe da Secretaria Municipal de Sa\u00fade junto com a equipe da Secretaria de Assist\u00eancia Social estiveram hidratando os atletas que participaram do evento.<\/p>\n<p style=\"text-align: right;\"><em><b>Amparo Ligado\/Foto: Reprodu\u00e7\u00e3o\u00a0\u00a0<\/b><\/em><\/p>\n","protected":false},"excerpt":{"rendered":"<p>A Prefeitura Municipal de Amparo em parceria com as Secretarias de Sa\u00fade e de Assist\u00eancia Social realizou o encerramento da programa\u00e7\u00e3o do Novembro Azul com&hellip; <\/p>\n","protected":false},"author":1,"featured_media":75289,"comment_status":"closed","ping_status":"closed","sticky":false,"template":"","format":"standard","meta":{"sfsi_plus_gutenberg_text_before_share":"","sfsi_plus_gutenberg_show_text_before_share":"","sfsi_plus_gutenberg_icon_type":"","sfsi_plus_gutenberg_icon_alignemt":"","sfsi_plus_gutenburg_max_per_row":"","footnotes":""},"categories":[2],"tags":[],"class_list":["post-75287","post","type-post","status-publish","format-standard","has-post-thumbnail","hentry","category-geral"],"_links":{"self":[{"href":"https:\/\/www.caririemacao.com\/1\/wp-json\/wp\/v2\/posts\/75287","targetHints":{"allow":["GET"]}}],"collection":[{"href":"https:\/\/www.caririemacao.com\/1\/wp-json\/wp\/v2\/posts"}],"about":[{"href":"https:\/\/www.caririemacao.com\/1\/wp-json\/wp\/v2\/types\/post"}],"author":[{"embeddable":true,"href":"https:\/\/www.caririemacao.com\/1\/wp-json\/wp\/v2\/users\/1"}],"replies":[{"embeddable":true,"href":"https:\/\/www.caririemacao.com\/1\/wp-json\/wp\/v2\/comments?post=75287"}],"version-history":[{"count":1,"href":"https:\/\/www.caririemacao.com\/1\/wp-json\/wp\/v2\/posts\/75287\/revisions"}],"predecessor-version":[{"id":75290,"href":"https:\/\/www.caririemacao.com\/1\/wp-json\/wp\/v2\/posts\/75287\/revisions\/75290"}],"wp:featuredmedia":[{"embeddable":true,"href":"https:\/\/www.caririemacao.com\/1\/wp-json\/wp\/v2\/media\/75289"}],"wp:attachment":[{"href":"https:\/\/www.caririemacao.com\/1\/wp-json\/wp\/v2\/media?parent=75287"}],"wp:term":[{"taxonomy":"category","embeddable":true,"href":"https:\/\/www.caririemacao.com\/1\/wp-json\/wp\/v2\/categories?post=75287"},{"taxonomy":"post_tag","embeddable":true,"href":"https:\/\/www.caririemacao.com\/1\/wp-json\/wp\/v2\/tags?post=75287"}],"curies":[{"name":"wp","href":"https:\/\/api.w.org\/{rel}","templated":true}]}}