{"id":75288,"date":"2018-12-03T22:05:31","date_gmt":"2018-12-04T01:05:31","guid":{"rendered":"http:\/\/www.caririemacao.com\/1\/?p=75288"},"modified":"2018-12-03T22:11:19","modified_gmt":"2018-12-04T01:11:19","slug":"operacao-lei-seca-autua-108-condutores-por-embriaguez-durante-o-mes-de-novembro","status":"publish","type":"post","link":"https:\/\/www.caririemacao.com\/1\/2018\/12\/03\/operacao-lei-seca-autua-108-condutores-por-embriaguez-durante-o-mes-de-novembro\/","title":{"rendered":"Opera\u00e7\u00e3o Lei Seca autua 108 condutores por embriaguez durante o m\u00eas de novembro"},"content":{"rendered":"<p>O Departamento Estadual de Tr\u00e2nsito (Detran-PB), por meio da Opera\u00e7\u00e3o Lei Seca, notificou 108 motoristas por dirigir sob efeito de \u00e1lcool, durante o m\u00eas de novembro. Nesse per\u00edodo, dois deles foram conduzidos \u00e0 delegacia. O balan\u00e7o foi divulgado nesta segunda-feira (dia 3) pela Divis\u00e3o de Policiamento e Fiscaliza\u00e7\u00e3o do \u00f3rg\u00e3o.<\/p>\n<p>De acordo com o balan\u00e7o mensal, foram realizados 1.192 testes de baf\u00f4metro, que resultaram na apreens\u00e3o de 93 carteiras de habilita\u00e7\u00e3o (CNHs) e na remo\u00e7\u00e3o de 26 ve\u00edculos aos p\u00e1tios do \u00f3rg\u00e3o. A opera\u00e7\u00e3o ainda autuou 87 condutores em flagrante,pela pr\u00e1tica de outras infra\u00e7\u00f5es ao C\u00f3digo de Tr\u00e2nsito Brasileiro (CTB).<\/p>\n<p>Segundo o chefe da Divis\u00e3o de Policiamento e coordenador da Lei Seca, major Edmilson Castro, \u201cmuitos motoristas ainda insistem em desobedecer as leis de tr\u00e2nsito, mas os agentes da Opera\u00e7\u00e3o Lei Seca, com o apoio da Pol\u00edcia Militar, est\u00e3o empenhados para que vidas sejam preservadas no tr\u00e2nsito do nosso Estado\u201d.<\/p>\n<p>O CTB prev\u00ea que os condutores de ve\u00edculos flagrados sob efeito de \u00e1lcool est\u00e3o sujeitos \u00e0 multa no valor de R$ 2.934,70, al\u00e9m de responder a processo administrativo de cassa\u00e7\u00e3o da CNH por um ano. Em caso de reincid\u00eancia, ser\u00e1 cobrado o dobro do valor da multa e o condutor responder\u00e1 pela cassa\u00e7\u00e3o da CNH pelo per\u00edodo de dois anos.<\/p>\n<p style=\"text-align: right;\"><em><strong>Secom<\/strong><\/em><\/p>\n","protected":false},"excerpt":{"rendered":"<p>O Departamento Estadual de Tr\u00e2nsito (Detran-PB), por meio da Opera\u00e7\u00e3o Lei Seca, notificou 108 motoristas por dirigir sob efeito de \u00e1lcool, durante o m\u00eas de&hellip; <\/p>\n","protected":false},"author":1,"featured_media":40742,"comment_status":"closed","ping_status":"closed","sticky":false,"template":"","format":"standard","meta":{"sfsi_plus_gutenberg_text_before_share":"","sfsi_plus_gutenberg_show_text_before_share":"","sfsi_plus_gutenberg_icon_type":"","sfsi_plus_gutenberg_icon_alignemt":"","sfsi_plus_gutenburg_max_per_row":"","footnotes":""},"categories":[2],"tags":[],"class_list":["post-75288","post","type-post","status-publish","format-standard","has-post-thumbnail","hentry","category-geral"],"_links":{"self":[{"href":"https:\/\/www.caririemacao.com\/1\/wp-json\/wp\/v2\/posts\/75288","targetHints":{"allow":["GET"]}}],"collection":[{"href":"https:\/\/www.caririemacao.com\/1\/wp-json\/wp\/v2\/posts"}],"about":[{"href":"https:\/\/www.caririemacao.com\/1\/wp-json\/wp\/v2\/types\/post"}],"author":[{"embeddable":true,"href":"https:\/\/www.caririemacao.com\/1\/wp-json\/wp\/v2\/users\/1"}],"replies":[{"embeddable":true,"href":"https:\/\/www.caririemacao.com\/1\/wp-json\/wp\/v2\/comments?post=75288"}],"version-history":[{"count":3,"href":"https:\/\/www.caririemacao.com\/1\/wp-json\/wp\/v2\/posts\/75288\/revisions"}],"predecessor-version":[{"id":75295,"href":"https:\/\/www.caririemacao.com\/1\/wp-json\/wp\/v2\/posts\/75288\/revisions\/75295"}],"wp:featuredmedia":[{"embeddable":true,"href":"https:\/\/www.caririemacao.com\/1\/wp-json\/wp\/v2\/media\/40742"}],"wp:attachment":[{"href":"https:\/\/www.caririemacao.com\/1\/wp-json\/wp\/v2\/media?parent=75288"}],"wp:term":[{"taxonomy":"category","embeddable":true,"href":"https:\/\/www.caririemacao.com\/1\/wp-json\/wp\/v2\/categories?post=75288"},{"taxonomy":"post_tag","embeddable":true,"href":"https:\/\/www.caririemacao.com\/1\/wp-json\/wp\/v2\/tags?post=75288"}],"curies":[{"name":"wp","href":"https:\/\/api.w.org\/{rel}","templated":true}]}}