{"id":75294,"date":"2018-12-03T22:31:11","date_gmt":"2018-12-04T01:31:11","guid":{"rendered":"http:\/\/www.caririemacao.com\/1\/?p=75294"},"modified":"2018-12-03T22:31:11","modified_gmt":"2018-12-04T01:31:11","slug":"celular-irregular-sera-bloqueado-a-partir-de-sabado-em-10-estados","status":"publish","type":"post","link":"https:\/\/www.caririemacao.com\/1\/2018\/12\/03\/celular-irregular-sera-bloqueado-a-partir-de-sabado-em-10-estados\/","title":{"rendered":"Celular irregular ser\u00e1 bloqueado a partir de s\u00e1bado em 10 estados"},"content":{"rendered":"<p><!------------------->\u00a0\u00a0\u00a0\u00a0\u00a0\u00a0\u00a0<!--banner-editoria-->\u00a0\u00a0\u00a0\u00a0\u00a0\u00a0\u00a0<!------------------->\u00a0\u00a0\u00a0\u00a0\u00a0\u00a0\u00a0\u00a0\u00a0\u00a0\u00a0\u00a0\u00a0\u00a0\u00a0\u00a0\u00a0\u00a0\u00a0\u00a0\u00a0\u00a0\u00a0\u00a0\u00a0\u00a0<!---------------------------------------------->\u00a0\u00a0\u00a0\u00a0\u00a0\u00a0\u00a0\u00a0<!------------BANNER-EDITORIA-CELULAR----------->\u00a0\u00a0\u00a0\u00a0\u00a0\u00a0\u00a0\u00a0<!---------------------------------------------->\u00a0\u00a0\u00a0\u00a0<!----------------------------------------------><!------------BANNER-EDITORIA-PC-TABLET---------><!----------------------------------------------><\/p>\n<p><!-------------------> <!-------fim---------> <!-------------------> <!--conte\u00fado--><\/p>\n<div class=\"content\">\n<p>Come\u00e7a no pr\u00f3ximo s\u00e1bado (8), o bloqueio de celulares irregulares (piratas) nos estados do Acre, Esp\u00edrito Santo, Mato Grosso, Mato Grosso do Sul, Paran\u00e1, Rio de Janeiro, Rio Grande do Sul, Rond\u00f4nia, Santa Catarina e Tocantins, habilitados a partir de 23 de setembro. A informa\u00e7\u00e3o foi dada hoje (3) pela Ag\u00eancia Nacional de Telecomunica\u00e7\u00f5es (Anatel).<\/p>\n<p>Os usu\u00e1rios j\u00e1 est\u00e3o recebendo mensagens de SMS, informando que o aparelho irregular ser\u00e1 bloqueado. \u201cOperadora avisa: Pela Lei 9.472 este celular est\u00e1 irregular e n\u00e3o funcionar\u00e1 nas redes celulares em 75 dias\u201d, diz a mensagem. A primeira delas foi encaminhada no dia 23 de setembro. Outros alertas chegaram\u00a050 dias e 25 dias antes.<\/p>\n<p>Na v\u00e9spera do bloqueio, o usu\u00e1rio receber\u00e1 a seguinte mensagem: \u201cOperadora avisa: Este celular IMEI XXXXXXXXXXXXXXX \u00e9 irregular e deixar\u00e1 de funcionar nas redes celulares\u201d. A ag\u00eancia informou que os usu\u00e1rios que aparelhos habilitados antes do dia 23 de setembro, mesmo que estejam irregulares, n\u00e3o ser\u00e3o afetados, desde que o n\u00famero n\u00e3o seja alterado.<\/p>\n<p>De acordo com a Anatel, a medida visa combater o uso de aparelhos falsificados ou com IMEI adulterado, clonado ou outras formas de fraude. A medida tamb\u00e9m busca inibir a comercializa\u00e7\u00e3o de aparelhos m\u00f3veis n\u00e3o homologados no pa\u00eds.<\/p>\n<p>O IMEI (do ingl\u00eas International Mobile Equipment Identity) \u00e9 o n\u00famero de identifica\u00e7\u00e3o do celular. \u00c9 composto por um c\u00f3digo de 15 n\u00fameros, utilizado internacionalmente, que permite identificar a marca e modelo. Todas as mensagens s\u00e3o enviadas pelo n\u00famero 2828.<\/p>\n<p>Para saber se o n\u00famero de IMEI \u00e9 legal, basta discar *#06#. Se a numera\u00e7\u00e3o coincidir com a que aparece na caixa, o aparelho \u00e9 regular. Caso contr\u00e1rio, h\u00e1 uma grande chance de ser irregular.<\/p>\n<div id=\"attachment_533542\" class=\"wp-caption aligncenter\"><img decoding=\"async\" class=\"wp-image-533542 size-medium lazyload\" data-src=\"https:\/\/paraibaonline.com.br\/wp-content\/uploads\/2018\/12\/CELULAR-567x378.jpg\" data-srcset=\"https:\/\/paraibaonline.com.br\/wp-content\/uploads\/2018\/12\/CELULAR-567x378.jpg 567w, https:\/\/paraibaonline.com.br\/wp-content\/uploads\/2018\/12\/CELULAR.jpg 800w\" alt=\"Foto: Marcello Casal Jr\/Ag\u00eancia Brasil\" src=\"data:image\/svg+xml;base64,PHN2ZyB3aWR0aD0iMSIgaGVpZ2h0PSIxIiB4bWxucz0iaHR0cDovL3d3dy53My5vcmcvMjAwMC9zdmciPjwvc3ZnPg==\" style=\"--smush-placeholder-width: 567px; --smush-placeholder-aspect-ratio: 567\/378;\" \/><\/p>\n<p class=\"wp-caption-text\">Foto: Marcello Casal Jr\/Ag\u00eancia Brasil<\/p>\n<\/div>\n<p>A Anatel informou ainda que\u00a0 o usu\u00e1rio de servi\u00e7o m\u00f3vel com situa\u00e7\u00e3o irregular deve procurar a empresa ou pessoa que vendeu o aparelho e buscar seus direitos como consumidor.<\/p>\n<p>A Anatel criou em seu Portal na Internet um espa\u00e7o com informa\u00e7\u00f5es do projeto de bloqueio de celulares, o projeto<a href=\"http:\/\/www.anatel.gov.br\/celularlegal\/\" target=\"_blank\" rel=\"noopener\">\u00a0Celular Legal<\/a>. No\u00a0<a href=\"http:\/\/www.anatel.gov.br\/celularlegal\/consulte-sua-situacao\" target=\"_blank\" rel=\"noopener\">Portal da Anatel<\/a>\u00a0tamb\u00e9m \u00e9 poss\u00edvel verificar se o celular apresenta alguma irregularidade.<\/p>\n<p><strong>Cronograma<\/strong><\/p>\n<p>O bloqueio de celulares irregulares come\u00e7ou pelo Distrito Federal e por Goi\u00e1s. Os aparelhos come\u00e7aram a ser bloqueados no dia 8 de maio. Segundo a Anatel, os aparelhos j\u00e1 foram exclu\u00eddos das redes das prestadoras m\u00f3veis 103 mil \u201cpiratas\u201d nas duas unidades da federa\u00e7\u00e3o.<\/p>\n<p>Nos estados da Regi\u00e3o Nordeste e demais estados das regi\u00f5es Norte e Sudeste, incluindo S\u00e3o Paulo, o\u00a0 encaminhamento de mensagens aos usu\u00e1rios ocorrer\u00e1 a partir de 7 de janeiro de 2019. O impedimento do uso come\u00e7ar\u00e1 a partir de 24 de mar\u00e7o de 2019, no caso de aparelhos irregulares habilitados a partir de 7 de janeiro de 2019.<\/p>\n<p><strong>Estrangeiros<\/strong><\/p>\n<p>Aparelhos m\u00f3veis comprados no exterior v\u00e3o continuar funcionando no Brasil, desde que sejam certificados por organismos estrangeiros equivalentes \u00e0 ag\u00eancia reguladora. Um celular s\u00f3 \u00e9 considerado irregular quando n\u00e3o tem n\u00famero IMEI registrado no banco de dados da GSMA, associa\u00e7\u00e3o global de operadoras.<\/p>\n<p>N\u00e3o ser\u00e3o considerados irregulares os equipamentos adquiridos por particulares no exterior que, apesar de ainda n\u00e3o certificados no Brasil, tenham por origem fabricantes leg\u00edtimos.<\/p>\n<\/div>\n<p>EBC<\/p>\n","protected":false},"excerpt":{"rendered":"<p>\u00a0\u00a0\u00a0\u00a0\u00a0\u00a0\u00a0\u00a0\u00a0\u00a0\u00a0\u00a0\u00a0\u00a0\u00a0\u00a0\u00a0\u00a0\u00a0\u00a0\u00a0\u00a0\u00a0\u00a0\u00a0\u00a0\u00a0\u00a0\u00a0\u00a0\u00a0\u00a0\u00a0\u00a0\u00a0\u00a0\u00a0\u00a0\u00a0\u00a0\u00a0\u00a0\u00a0\u00a0\u00a0\u00a0\u00a0\u00a0\u00a0\u00a0\u00a0\u00a0\u00a0\u00a0\u00a0\u00a0\u00a0\u00a0\u00a0\u00a0 Come\u00e7a no pr\u00f3ximo s\u00e1bado (8), o bloqueio de celulares irregulares (piratas) nos estados do Acre, Esp\u00edrito Santo, Mato Grosso, Mato Grosso do Sul, Paran\u00e1,&hellip; <\/p>\n","protected":false},"author":1,"featured_media":25218,"comment_status":"closed","ping_status":"closed","sticky":false,"template":"","format":"standard","meta":{"sfsi_plus_gutenberg_text_before_share":"","sfsi_plus_gutenberg_show_text_before_share":"","sfsi_plus_gutenberg_icon_type":"","sfsi_plus_gutenberg_icon_alignemt":"","sfsi_plus_gutenburg_max_per_row":"","footnotes":""},"categories":[50,2],"tags":[],"class_list":["post-75294","post","type-post","status-publish","format-standard","has-post-thumbnail","hentry","category-destaque","category-geral"],"_links":{"self":[{"href":"https:\/\/www.caririemacao.com\/1\/wp-json\/wp\/v2\/posts\/75294","targetHints":{"allow":["GET"]}}],"collection":[{"href":"https:\/\/www.caririemacao.com\/1\/wp-json\/wp\/v2\/posts"}],"about":[{"href":"https:\/\/www.caririemacao.com\/1\/wp-json\/wp\/v2\/types\/post"}],"author":[{"embeddable":true,"href":"https:\/\/www.caririemacao.com\/1\/wp-json\/wp\/v2\/users\/1"}],"replies":[{"embeddable":true,"href":"https:\/\/www.caririemacao.com\/1\/wp-json\/wp\/v2\/comments?post=75294"}],"version-history":[{"count":1,"href":"https:\/\/www.caririemacao.com\/1\/wp-json\/wp\/v2\/posts\/75294\/revisions"}],"predecessor-version":[{"id":75296,"href":"https:\/\/www.caririemacao.com\/1\/wp-json\/wp\/v2\/posts\/75294\/revisions\/75296"}],"wp:featuredmedia":[{"embeddable":true,"href":"https:\/\/www.caririemacao.com\/1\/wp-json\/wp\/v2\/media\/25218"}],"wp:attachment":[{"href":"https:\/\/www.caririemacao.com\/1\/wp-json\/wp\/v2\/media?parent=75294"}],"wp:term":[{"taxonomy":"category","embeddable":true,"href":"https:\/\/www.caririemacao.com\/1\/wp-json\/wp\/v2\/categories?post=75294"},{"taxonomy":"post_tag","embeddable":true,"href":"https:\/\/www.caririemacao.com\/1\/wp-json\/wp\/v2\/tags?post=75294"}],"curies":[{"name":"wp","href":"https:\/\/api.w.org\/{rel}","templated":true}]}}