{"id":75307,"date":"2018-12-04T07:29:47","date_gmt":"2018-12-04T10:29:47","guid":{"rendered":"http:\/\/www.caririemacao.com\/1\/?p=75307"},"modified":"2018-12-04T07:30:06","modified_gmt":"2018-12-04T10:30:06","slug":"segunda-turma-do-stf-julga-pedido-de-liberdade-de-lula-nesta-terca","status":"publish","type":"post","link":"https:\/\/www.caririemacao.com\/1\/2018\/12\/04\/segunda-turma-do-stf-julga-pedido-de-liberdade-de-lula-nesta-terca\/","title":{"rendered":"Segunda Turma do STF julga pedido de liberdade de Lula nesta ter\u00e7a"},"content":{"rendered":"<p>A Segunda Turma do Supremo Tribunal Federal (STF) julga nesta ter\u00e7a-feira (4), mais um pedido de liberdade feito pela defesa do ex-presidente Luiz In\u00e1cio Lula da Silva. O processo estava liberado para julgamento pelo relator, ministro Edson Fachin.<\/p>\n<p>Fazem parte do colegiado os ministros Gilmar Mendes, Celso de Mello, C\u00e1rmen L\u00facia, Fachin e o presidente, Ricardo Lewandowski.<\/p>\n<p>No habeas corpus, Os advogados de Lula argumentam que a indica\u00e7\u00e3o do juiz federal Sergio Moro para o governo do presidente eleito Jair Bolsonaro demonstra parcialidade do magistrado e tamb\u00e9m que ele agiu \u201cpoliticamente\u201d.\u00a0Moro ir\u00e1 assumir o Minist\u00e9rio da Justi\u00e7a em janeiro.<\/p>\n<p>A defesa de Lula quer que seja reconhecida a suspei\u00e7\u00e3o de Moro para julgar processos contra o ex-presidente e que sejam considerados nulos todos os atos processuais que resultaram na condena\u00e7\u00e3o deste no caso do triplex do Guaruj\u00e1 (SP).<\/p>\n<p>Lula est\u00e1 preso desde 7 de abril na Superintend\u00eancia da Pol\u00edcia Federal em Curitiba, ap\u00f3s ter sua condena\u00e7\u00e3o no caso confirmada pelo Tribunal Regional Federal 4\u00aa Regi\u00e3o (TRF4), que imp\u00f4s pena de 12 anos e um m\u00eas de pris\u00e3o ao ex-presidente, pelos crimes de corrup\u00e7\u00e3o passiva e lavagem de dinheiro.<\/p>\n<p>Respons\u00e1vel pelos processos da Lava Jato na 13\u00aa Vara Criminal de Curitiba, Sergio Moro nega qualquer irregularidade em sua conduta e diz que a decis\u00e3o de participar do futuro governo ocorreu depois de medidas tomadas por ele, como o julgamento do ex-presidente Lula.<\/p>\n<p>Ag\u00eancia Brasil<\/p>\n","protected":false},"excerpt":{"rendered":"<p>A Segunda Turma do Supremo Tribunal Federal (STF) julga nesta ter\u00e7a-feira (4), mais um pedido de liberdade feito pela defesa do ex-presidente Luiz In\u00e1cio Lula&hellip; <\/p>\n","protected":false},"author":1,"featured_media":40924,"comment_status":"closed","ping_status":"closed","sticky":false,"template":"","format":"standard","meta":{"sfsi_plus_gutenberg_text_before_share":"","sfsi_plus_gutenberg_show_text_before_share":"","sfsi_plus_gutenberg_icon_type":"","sfsi_plus_gutenberg_icon_alignemt":"","sfsi_plus_gutenburg_max_per_row":"","footnotes":""},"categories":[50,11],"tags":[],"class_list":["post-75307","post","type-post","status-publish","format-standard","has-post-thumbnail","hentry","category-destaque","category-politica"],"_links":{"self":[{"href":"https:\/\/www.caririemacao.com\/1\/wp-json\/wp\/v2\/posts\/75307","targetHints":{"allow":["GET"]}}],"collection":[{"href":"https:\/\/www.caririemacao.com\/1\/wp-json\/wp\/v2\/posts"}],"about":[{"href":"https:\/\/www.caririemacao.com\/1\/wp-json\/wp\/v2\/types\/post"}],"author":[{"embeddable":true,"href":"https:\/\/www.caririemacao.com\/1\/wp-json\/wp\/v2\/users\/1"}],"replies":[{"embeddable":true,"href":"https:\/\/www.caririemacao.com\/1\/wp-json\/wp\/v2\/comments?post=75307"}],"version-history":[{"count":1,"href":"https:\/\/www.caririemacao.com\/1\/wp-json\/wp\/v2\/posts\/75307\/revisions"}],"predecessor-version":[{"id":75308,"href":"https:\/\/www.caririemacao.com\/1\/wp-json\/wp\/v2\/posts\/75307\/revisions\/75308"}],"wp:featuredmedia":[{"embeddable":true,"href":"https:\/\/www.caririemacao.com\/1\/wp-json\/wp\/v2\/media\/40924"}],"wp:attachment":[{"href":"https:\/\/www.caririemacao.com\/1\/wp-json\/wp\/v2\/media?parent=75307"}],"wp:term":[{"taxonomy":"category","embeddable":true,"href":"https:\/\/www.caririemacao.com\/1\/wp-json\/wp\/v2\/categories?post=75307"},{"taxonomy":"post_tag","embeddable":true,"href":"https:\/\/www.caririemacao.com\/1\/wp-json\/wp\/v2\/tags?post=75307"}],"curies":[{"name":"wp","href":"https:\/\/api.w.org\/{rel}","templated":true}]}}