{"id":75309,"date":"2018-12-04T07:37:03","date_gmt":"2018-12-04T10:37:03","guid":{"rendered":"http:\/\/www.caririemacao.com\/1\/?p=75309"},"modified":"2018-12-04T07:37:03","modified_gmt":"2018-12-04T10:37:03","slug":"ministerio-publico-realiza-leilao-de-veiculos-esta-semana","status":"publish","type":"post","link":"https:\/\/www.caririemacao.com\/1\/2018\/12\/04\/ministerio-publico-realiza-leilao-de-veiculos-esta-semana\/","title":{"rendered":"Minist\u00e9rio P\u00fablico realiza leil\u00e3o de ve\u00edculos esta semana"},"content":{"rendered":"<p>O Minist\u00e9rio P\u00fablico da Para\u00edba vai realizar, a partir das 9h desta quarta-feira (05\/12), no audit\u00f3rio do edif\u00edcio-sede da Procuradoria-Geral de Justi\u00e7a, na Capital, um leil\u00e3o p\u00fablico presencial para aliena\u00e7\u00e3o de ve\u00edculos automotores pertencentes ao patrim\u00f4nio do MPPB.<\/p>\n<p>S\u00e3o 26 autom\u00f3veis e 12 motocicletas, totalizando 38 bens conservados, recuper\u00e1veis e sucateados.<\/p>\n<p>De acordo com o edital publicado no \u00faltimo dia 14 de novembro, o leil\u00e3o foi determinado pelo procurador-geral de Justi\u00e7a, Francisco Ser\u00e1phico Ferraz da N\u00f3brega Filho, e atende ao disposto na Lei Federal n\u00ba 8.666\/93. O ato est\u00e1 sendo executado pela Comiss\u00e3o Permanente de Licita\u00e7\u00e3o do MPPB.<\/p>\n<p>Ainda conforme o edital, os ve\u00edculos podem ser arrematados por pessoas f\u00edsicas ou jur\u00eddicas, maiores de 18 anos ou emancipadas, exclu\u00eddos os membros e os servidores do Minist\u00e9rio P\u00fablico da Para\u00edba e demais impedidos pela legisla\u00e7\u00e3o vigente.<\/p>\n<p>No edital, tamb\u00e9m foi estabelecido que os ve\u00edculos poderiam ser examinados entre os dias 26 e 30 de novembro, no p\u00e1tio da Promotoria de Justi\u00e7a de Mangabeira, na Avenida Hilton Souto Maior, em Mangabeira VII, Jo\u00e3o Pessoa. Ficou facultada vistoria no dia do leil\u00e3o, no hor\u00e1rio das 8h \u00e0s 13h, lembrando que os endere\u00e7os da exposi\u00e7\u00e3o do ve\u00edculos e da sess\u00e3o p\u00fablica s\u00e3o divergentes (o primeiro fica em Mangabeira e o segundo no Centro da cidade).<\/p>\n<p>Os interessados devem comparecer ao local do leil\u00e3o 30 minutos antes e apresentar ao leiloeiro os documentos exigidos para a habilita\u00e7\u00e3o, entre eles a carteira de identidade, CPF e declara\u00e7\u00e3o de que n\u00e3o possui v\u00ednculo com o Minist\u00e9rio P\u00fablico. Outros documentos est\u00e3o sendo exigidos para o arremate dos bens. Os modelos e anos de fabrica\u00e7\u00e3o dos ve\u00edculos podem ser consultados\u00a0<a href=\"https:\/\/drive.google.com\/file\/d\/1SANmQu6oCqYRfN5s98g7ebrftm-Y-wis\/view\">AQUI<\/a>.<\/p>\n","protected":false},"excerpt":{"rendered":"<p>O Minist\u00e9rio P\u00fablico da Para\u00edba vai realizar, a partir das 9h desta quarta-feira (05\/12), no audit\u00f3rio do edif\u00edcio-sede da Procuradoria-Geral de Justi\u00e7a, na Capital, um&hellip; <\/p>\n","protected":false},"author":1,"featured_media":75310,"comment_status":"closed","ping_status":"closed","sticky":false,"template":"","format":"standard","meta":{"sfsi_plus_gutenberg_text_before_share":"","sfsi_plus_gutenberg_show_text_before_share":"","sfsi_plus_gutenberg_icon_type":"","sfsi_plus_gutenberg_icon_alignemt":"","sfsi_plus_gutenburg_max_per_row":"","footnotes":""},"categories":[2],"tags":[],"class_list":["post-75309","post","type-post","status-publish","format-standard","has-post-thumbnail","hentry","category-geral"],"_links":{"self":[{"href":"https:\/\/www.caririemacao.com\/1\/wp-json\/wp\/v2\/posts\/75309","targetHints":{"allow":["GET"]}}],"collection":[{"href":"https:\/\/www.caririemacao.com\/1\/wp-json\/wp\/v2\/posts"}],"about":[{"href":"https:\/\/www.caririemacao.com\/1\/wp-json\/wp\/v2\/types\/post"}],"author":[{"embeddable":true,"href":"https:\/\/www.caririemacao.com\/1\/wp-json\/wp\/v2\/users\/1"}],"replies":[{"embeddable":true,"href":"https:\/\/www.caririemacao.com\/1\/wp-json\/wp\/v2\/comments?post=75309"}],"version-history":[{"count":1,"href":"https:\/\/www.caririemacao.com\/1\/wp-json\/wp\/v2\/posts\/75309\/revisions"}],"predecessor-version":[{"id":75311,"href":"https:\/\/www.caririemacao.com\/1\/wp-json\/wp\/v2\/posts\/75309\/revisions\/75311"}],"wp:featuredmedia":[{"embeddable":true,"href":"https:\/\/www.caririemacao.com\/1\/wp-json\/wp\/v2\/media\/75310"}],"wp:attachment":[{"href":"https:\/\/www.caririemacao.com\/1\/wp-json\/wp\/v2\/media?parent=75309"}],"wp:term":[{"taxonomy":"category","embeddable":true,"href":"https:\/\/www.caririemacao.com\/1\/wp-json\/wp\/v2\/categories?post=75309"},{"taxonomy":"post_tag","embeddable":true,"href":"https:\/\/www.caririemacao.com\/1\/wp-json\/wp\/v2\/tags?post=75309"}],"curies":[{"name":"wp","href":"https:\/\/api.w.org\/{rel}","templated":true}]}}