{"id":75317,"date":"2018-12-04T14:00:57","date_gmt":"2018-12-04T17:00:57","guid":{"rendered":"http:\/\/www.caririemacao.com\/1\/?p=75317"},"modified":"2018-12-04T14:00:57","modified_gmt":"2018-12-04T17:00:57","slug":"camisa-10-finalmente-se-apresenta-e-botafogo-pb-inicia-pre-temporada","status":"publish","type":"post","link":"https:\/\/www.caririemacao.com\/1\/2018\/12\/04\/camisa-10-finalmente-se-apresenta-e-botafogo-pb-inicia-pre-temporada\/","title":{"rendered":"Camisa 10 finalmente se apresenta e Botafogo-PB inicia pr\u00e9-temporada"},"content":{"rendered":"<p><!------------------->\u00a0\u00a0\u00a0\u00a0\u00a0\u00a0\u00a0<!--banner-editoria-->\u00a0\u00a0\u00a0\u00a0\u00a0\u00a0\u00a0<!------------------->\u00a0\u00a0\u00a0\u00a0\u00a0\u00a0\u00a0\u00a0\u00a0\u00a0\u00a0\u00a0\u00a0<!------------------->\u00a0\u00a0\u00a0\u00a0\u00a0\u00a0\u00a0<!-------fim--------->\u00a0\u00a0\u00a0\u00a0\u00a0\u00a0\u00a0<!------------------->\u00a0\u00a0\u00a0\u00a0\u00a0\u00a0\u00a0\u00a0\u00a0\u00a0\u00a0\u00a0<!--conte\u00fado--><\/p>\n<div class=\"content\">\n<p>O Botafogo-PB deu o pontap\u00e9 inicial na sua pr\u00e9-temporada nesta segunda-feira (03) para as disputas que tem na agenda de 2019. O time da estrela vermelha tem no calend\u00e1rio o Campeonato Paraibano, Copa do Brasil, Copa do Nordeste e S\u00e9rie C do Campeonato Brasileiro.<\/p>\n<p>Pela manh\u00e3, na Maravilha do Contorno, CT do clube, os jogadores realizaram avalia\u00e7\u00f5es f\u00edsicas e trabalhos de recondicionamento. Durante a tarde, foram iniciados os treinamentos com bola, j\u00e1 sob o comando do treinador Evaristo Piza.<\/p>\n<div id=\"attachment_533700\" class=\"wp-caption alignnone\"><img decoding=\"async\" class=\"wp-image-533700 size-full lazyload\" data-src=\"https:\/\/paraibaonline.com.br\/wp-content\/uploads\/2018\/12\/MarcosAur\u00e9lio.jpg\" data-srcset=\"https:\/\/paraibaonline.com.br\/wp-content\/uploads\/2018\/12\/MarcosAur\u00e9lio.jpg 800w, https:\/\/paraibaonline.com.br\/wp-content\/uploads\/2018\/12\/MarcosAur\u00e9lio-567x353.jpg 567w\" alt=\"\" src=\"data:image\/svg+xml;base64,PHN2ZyB3aWR0aD0iMSIgaGVpZ2h0PSIxIiB4bWxucz0iaHR0cDovL3d3dy53My5vcmcvMjAwMC9zdmciPjwvc3ZnPg==\" \/><\/p>\n<p class=\"wp-caption-text\">Foto: Ascom \/ Botafogo-PB<\/p>\n<\/div>\n<p>A aus\u00eancia mais sentida ficou por conta do meia Marcos Aur\u00e9lio, que alegou problemas pessoais. Na manh\u00e3 desta ter\u00e7a (04), por\u00e9m, o jogador se apresentou ao t\u00e9cnico Evaristo Piza e iniciou os trabalhos.<\/p>\n<p>Algumas caras novas foram vistas por quem acompanhou as atividades. Uma delas \u00e9 a do zagueiro Willian Goiano, destaque do Campinense em 2018. Ele falou sobre a mudan\u00e7a de ares e sobre o que pretende fazer com a camisa botafoguense.<\/p>\n<p>\u2013 \u00c9 um desafio muito bom. Tive o prazer de passar pelos dois grandes de Campina Grande e fui muito bem recebido aqui no Botafogo-PB. Espero juntamente com a diretoria, os jogadores e a comiss\u00e3o t\u00e9cnica fazer um belo ano de 2019 defendendo o clube \u2013 disse.<\/p>\n<p>Outra novidade na apresenta\u00e7\u00e3o foi o jovem goleiro Hudson, de 21 anos. Ele j\u00e1 treinou com os companheiros, mas seu acerto com o clube s\u00f3 foi confirmado na manh\u00e3 desta ter\u00e7a-feira (04). O arqueiro j\u00e1 jogou por S\u00e3o Caetano-SP e Matonense-SP. Seu \u00faltimo clube havia sido o Almirante Barroso-SC.<\/p>\n<p>Um evento ser\u00e1 realizado para a apresenta\u00e7\u00e3o do grupo de jogadores \u00e0 torcida no pr\u00f3ximo s\u00e1bado (08), com uma feijoada no Clube Cabo Branco, em Jo\u00e3o Pessoa. Na oportunidade, tamb\u00e9m ser\u00e1 revelado o uniforme para 2019, al\u00e9m do novo plano de s\u00f3cio-torcedores. Os ingressos est\u00e3o sendo comercializados na sede do clube pelo valor de R$ 30.<\/p>\n<p><strong>Confira o elenco do Botafogo-PB que iniciou a pr\u00e9-temporada.<\/strong><\/p>\n<p><strong>Goleiros<\/strong>: Saulo, Rhuan e Hudson;<br \/>\n<strong>Zagueiros<\/strong>: Lula, Walber, Donato e Willian Goiano;<br \/>\n<strong>Laterais-direitos<\/strong>: N\u00eago Potiguar, Israel e Roniery;<br \/>\n<strong>Laterais-esquerdos<\/strong>: F\u00e1bio Alves e Charles;<br \/>\n<strong>Volantes<\/strong>: Rog\u00e9rio, Carl\u00e3o e Lucas Ybom;<br \/>\n<strong>Meias<\/strong>: Clayton, Marcos Aur\u00e9lio, Marcos Vin\u00edcius e Ronaldo Viana;<br \/>\n<strong>Atacantes<\/strong>: Cezinha, Dico, Nando, Adalgiso Pitbull, Paulo Ren\u00ea e Rafael Ibiapino&#8217;<\/p>\n<\/div>\n","protected":false},"excerpt":{"rendered":"<p>\u00a0\u00a0\u00a0\u00a0\u00a0\u00a0\u00a0\u00a0\u00a0\u00a0\u00a0\u00a0\u00a0\u00a0\u00a0\u00a0\u00a0\u00a0\u00a0\u00a0\u00a0\u00a0\u00a0\u00a0\u00a0\u00a0\u00a0\u00a0\u00a0\u00a0\u00a0\u00a0\u00a0\u00a0\u00a0\u00a0\u00a0\u00a0\u00a0\u00a0\u00a0\u00a0\u00a0\u00a0\u00a0\u00a0\u00a0\u00a0\u00a0\u00a0\u00a0\u00a0\u00a0 O Botafogo-PB deu o pontap\u00e9 inicial na sua pr\u00e9-temporada nesta segunda-feira (03) para as disputas que tem na agenda de 2019. O time da&hellip; <\/p>\n","protected":false},"author":1,"featured_media":75318,"comment_status":"closed","ping_status":"closed","sticky":false,"template":"","format":"standard","meta":{"sfsi_plus_gutenberg_text_before_share":"","sfsi_plus_gutenberg_show_text_before_share":"","sfsi_plus_gutenberg_icon_type":"","sfsi_plus_gutenberg_icon_alignemt":"","sfsi_plus_gutenburg_max_per_row":"","footnotes":""},"categories":[13],"tags":[],"class_list":["post-75317","post","type-post","status-publish","format-standard","has-post-thumbnail","hentry","category-esportes"],"_links":{"self":[{"href":"https:\/\/www.caririemacao.com\/1\/wp-json\/wp\/v2\/posts\/75317","targetHints":{"allow":["GET"]}}],"collection":[{"href":"https:\/\/www.caririemacao.com\/1\/wp-json\/wp\/v2\/posts"}],"about":[{"href":"https:\/\/www.caririemacao.com\/1\/wp-json\/wp\/v2\/types\/post"}],"author":[{"embeddable":true,"href":"https:\/\/www.caririemacao.com\/1\/wp-json\/wp\/v2\/users\/1"}],"replies":[{"embeddable":true,"href":"https:\/\/www.caririemacao.com\/1\/wp-json\/wp\/v2\/comments?post=75317"}],"version-history":[{"count":1,"href":"https:\/\/www.caririemacao.com\/1\/wp-json\/wp\/v2\/posts\/75317\/revisions"}],"predecessor-version":[{"id":75319,"href":"https:\/\/www.caririemacao.com\/1\/wp-json\/wp\/v2\/posts\/75317\/revisions\/75319"}],"wp:featuredmedia":[{"embeddable":true,"href":"https:\/\/www.caririemacao.com\/1\/wp-json\/wp\/v2\/media\/75318"}],"wp:attachment":[{"href":"https:\/\/www.caririemacao.com\/1\/wp-json\/wp\/v2\/media?parent=75317"}],"wp:term":[{"taxonomy":"category","embeddable":true,"href":"https:\/\/www.caririemacao.com\/1\/wp-json\/wp\/v2\/categories?post=75317"},{"taxonomy":"post_tag","embeddable":true,"href":"https:\/\/www.caririemacao.com\/1\/wp-json\/wp\/v2\/tags?post=75317"}],"curies":[{"name":"wp","href":"https:\/\/api.w.org\/{rel}","templated":true}]}}