{"id":75320,"date":"2018-12-04T14:06:22","date_gmt":"2018-12-04T17:06:22","guid":{"rendered":"http:\/\/www.caririemacao.com\/1\/?p=75320"},"modified":"2018-12-04T14:06:22","modified_gmt":"2018-12-04T17:06:22","slug":"sergio-moro-cansei-de-levar-bola-nas-costas-no-judiciario","status":"publish","type":"post","link":"https:\/\/www.caririemacao.com\/1\/2018\/12\/04\/sergio-moro-cansei-de-levar-bola-nas-costas-no-judiciario\/","title":{"rendered":"S\u00e9rgio Moro: \u00b4Cansei de levar bola nas costas\u00b4 no Judici\u00e1rio"},"content":{"rendered":"<p>Em passagem ontem por Madri (Espanha), o ex-juiz S\u00e9rgio Moro, futuro superministro da Justi\u00e7a, clareou um pouco mais sobre o que o fez abdicar da carreira na magistratura e ser ministro do Poder Executivo.<\/p>\n<p>Segundo ele, apenas o trabalho de procuradores, policiais e ju\u00edzes n\u00e3o basta para enfrentar a corrup\u00e7\u00e3o.<\/p>\n<div id=\"attachment_525985\" class=\"wp-caption aligncenter\"><img decoding=\"async\" class=\"wp-image-525985 size-full lazyload\" data-src=\"https:\/\/paraibaonline.com.br\/wp-content\/uploads\/2018\/11\/moro1211.jpg\" data-srcset=\"https:\/\/paraibaonline.com.br\/wp-content\/uploads\/2018\/11\/moro1211.jpg 1024w, https:\/\/paraibaonline.com.br\/wp-content\/uploads\/2018\/11\/moro1211-567x378.jpg 567w, https:\/\/paraibaonline.com.br\/wp-content\/uploads\/2018\/11\/moro1211-900x600.jpg 900w\" alt=\"Foto: Fabio Rodrigues Pozzebom\/Ag\u00eancia Brasil\" src=\"data:image\/svg+xml;base64,PHN2ZyB3aWR0aD0iMSIgaGVpZ2h0PSIxIiB4bWxucz0iaHR0cDovL3d3dy53My5vcmcvMjAwMC9zdmciPjwvc3ZnPg==\" \/><\/p>\n<p class=\"wp-caption-text\">Foto: Fabio Rodrigues Pozzebom\/Ag\u00eancia Brasil<\/p>\n<\/div>\n<p>Dois trechos das declara\u00e7\u00f5es de S\u00e9rgio Moro: \u201cComo gostamos de futebol, temos no Brasil uma express\u00e3o segundo a qual algu\u00e9m diz estar cansado de levar bola nas costas. Meu trabalho no Judici\u00e1rio era relevante, mas tudo aquilo poderia se perder se n\u00e3o impulsionasse reformas maiores, que eu n\u00e3o poderia fazer como juiz\u201d.<\/p>\n<p>\u201cDurante estes quatro anos (de atua\u00e7\u00e3o na Lava Jato), me perguntei se n\u00e3o tinha ido longe demais na aplica\u00e7\u00e3o da lei, se o sistema pol\u00edtico n\u00e3o iria revidar. Esse caso ia chegar ao fim, e era preciso que gerasse mudan\u00e7as institucionais. Me senti tentado pela possibilidade de fazer algo mais significativo, n\u00e3o pela posi\u00e7\u00e3o de poder\u201d.<\/p>\n","protected":false},"excerpt":{"rendered":"<p>Em passagem ontem por Madri (Espanha), o ex-juiz S\u00e9rgio Moro, futuro superministro da Justi\u00e7a, clareou um pouco mais sobre o que o fez abdicar da&hellip; <\/p>\n","protected":false},"author":1,"featured_media":34510,"comment_status":"closed","ping_status":"closed","sticky":false,"template":"","format":"standard","meta":{"sfsi_plus_gutenberg_text_before_share":"","sfsi_plus_gutenberg_show_text_before_share":"","sfsi_plus_gutenberg_icon_type":"","sfsi_plus_gutenberg_icon_alignemt":"","sfsi_plus_gutenburg_max_per_row":"","footnotes":""},"categories":[11],"tags":[],"class_list":["post-75320","post","type-post","status-publish","format-standard","has-post-thumbnail","hentry","category-politica"],"_links":{"self":[{"href":"https:\/\/www.caririemacao.com\/1\/wp-json\/wp\/v2\/posts\/75320","targetHints":{"allow":["GET"]}}],"collection":[{"href":"https:\/\/www.caririemacao.com\/1\/wp-json\/wp\/v2\/posts"}],"about":[{"href":"https:\/\/www.caririemacao.com\/1\/wp-json\/wp\/v2\/types\/post"}],"author":[{"embeddable":true,"href":"https:\/\/www.caririemacao.com\/1\/wp-json\/wp\/v2\/users\/1"}],"replies":[{"embeddable":true,"href":"https:\/\/www.caririemacao.com\/1\/wp-json\/wp\/v2\/comments?post=75320"}],"version-history":[{"count":1,"href":"https:\/\/www.caririemacao.com\/1\/wp-json\/wp\/v2\/posts\/75320\/revisions"}],"predecessor-version":[{"id":75321,"href":"https:\/\/www.caririemacao.com\/1\/wp-json\/wp\/v2\/posts\/75320\/revisions\/75321"}],"wp:featuredmedia":[{"embeddable":true,"href":"https:\/\/www.caririemacao.com\/1\/wp-json\/wp\/v2\/media\/34510"}],"wp:attachment":[{"href":"https:\/\/www.caririemacao.com\/1\/wp-json\/wp\/v2\/media?parent=75320"}],"wp:term":[{"taxonomy":"category","embeddable":true,"href":"https:\/\/www.caririemacao.com\/1\/wp-json\/wp\/v2\/categories?post=75320"},{"taxonomy":"post_tag","embeddable":true,"href":"https:\/\/www.caririemacao.com\/1\/wp-json\/wp\/v2\/tags?post=75320"}],"curies":[{"name":"wp","href":"https:\/\/api.w.org\/{rel}","templated":true}]}}