{"id":75322,"date":"2018-12-04T14:10:58","date_gmt":"2018-12-04T17:10:58","guid":{"rendered":"http:\/\/www.caririemacao.com\/1\/?p=75322"},"modified":"2018-12-04T14:10:58","modified_gmt":"2018-12-04T17:10:58","slug":"alpb-aprova-projeto-de-lei-que-garante-liberdade-de-expressao-em-escolas-e-coibe-o-escola-sem-partido","status":"publish","type":"post","link":"https:\/\/www.caririemacao.com\/1\/2018\/12\/04\/alpb-aprova-projeto-de-lei-que-garante-liberdade-de-expressao-em-escolas-e-coibe-o-escola-sem-partido\/","title":{"rendered":"ALPB aprova Projeto de Lei que garante liberdade de express\u00e3o em escolas e co\u00edbe o \u2018Escola Sem Partido\u2019"},"content":{"rendered":"<p>A Assembleia Legislativa da Para\u00edba (ALPB) aprovou o Projeto de Lei (PL) do Governo do Estado que disp\u00f5e sobre a liberdade de expressar pensamentos e opini\u00f5es no ambiente das escolas p\u00fablicas e privadas no estado. A vota\u00e7\u00e3o aconteceu nesta ter\u00e7a-feira (4).<\/p>\n<p>O projeto surgiu para coibir os efeitos do \u201cEscola Sem Partido\u201d, ideal criado sob argumento do combate a ideologias pol\u00edticas dentro das escolas.<\/p>\n<p>Na ALPB, 30 deputados estaduais estiveram presentes, sendo 29 aptos a votar, j\u00e1 que o presidente Gerv\u00e1sio Maia (PSB) n\u00e3o vota. Seis parlamentares faltaram. 24 votaram a favor e cinco se manifestaram contr\u00e1rios. Bruno Cunha Lima (SD), Camila Toscano (PSDB), Renato Gadelha (PSC), Tovar Correia Lima (PSDB) e Jo\u00e3o Henrique (PSDB). Jutay Meneses se absteve.<\/p>\n<p>O PL tamb\u00e9m disp\u00f5e sobre a proibi\u00e7\u00e3o do uso de equipamentos eletr\u00f4nicos, quando n\u00e3o houver fins pedag\u00f3gicos. Esse ponto est\u00e1 relacionado ao fato de que estudantes foram estimulados a gravar professores que, por acaso, discutissem ideologias pol\u00edticas em salas de aula. Uma deputada estadual do PSL em Santa Catarina tornou-se alvo de investiga\u00e7\u00e3o por ter, publicamente, estimulado essa pr\u00e1tica.<\/p>\n<p>A emenda da deputada estadual Daniella Ribeiro (PP) foi aprovada e isenta as escolas confessionais\u00a0dessa medida de prote\u00e7\u00e3o da liberdade de express\u00e3o. Essa emenda deve ser inclu\u00edda ainda no PL. As escolas confessionais s\u00e3o as que t\u00eam os conceitos religiosos como uma de suas bases.<\/p>\n<p>A emenda do deputado estadual Tovar Correia Lima (PSDB) pedia a retirada do artigo 6\u00ba que obriga as escolas a fixar cartazes com as informa\u00e7\u00f5es sobre a lei que garante liberdade de pensamentos e opini\u00f5es. Com a rejei\u00e7\u00e3o, as institui\u00e7\u00f5es de ensino dever\u00e3o fixar cartazes sobre a lei.<\/p>\n<figure><img decoding=\"async\" data-src=\"https:\/\/www.clickpb.com.br\/media\/filer_public\/c4\/98\/c4986e0b-618c-4433-8686-627de2041c0b\/projeto_liberdade_expressao_escolas_da_paraiba_-_alpb_aprovacao_041218-1.jpg\" data-image=\"108161\" src=\"data:image\/svg+xml;base64,PHN2ZyB3aWR0aD0iMSIgaGVpZ2h0PSIxIiB4bWxucz0iaHR0cDovL3d3dy53My5vcmcvMjAwMC9zdmciPjwvc3ZnPg==\" class=\"lazyload\" \/><\/figure>\n<figure><img decoding=\"async\" data-src=\"https:\/\/www.clickpb.com.br\/media\/filer_public\/b3\/69\/b3698754-ba6b-4211-8b4b-2779a6ecae8d\/projeto_liberdade_expressao_escolas_da_paraiba_-_alpb_aprovacao_041218-4.jpg\" data-image=\"108162\" src=\"data:image\/svg+xml;base64,PHN2ZyB3aWR0aD0iMSIgaGVpZ2h0PSIxIiB4bWxucz0iaHR0cDovL3d3dy53My5vcmcvMjAwMC9zdmciPjwvc3ZnPg==\" class=\"lazyload\" \/><\/figure>\n<figure><img decoding=\"async\" data-src=\"https:\/\/www.clickpb.com.br\/media\/filer_public\/e9\/74\/e97472b3-0705-4041-aa10-8125b95d92a1\/projeto_liberdade_expressao_escolas_da_paraiba_-_alpb_aprovacao_041218-5.jpg\" data-image=\"108163\" src=\"data:image\/svg+xml;base64,PHN2ZyB3aWR0aD0iMSIgaGVpZ2h0PSIxIiB4bWxucz0iaHR0cDovL3d3dy53My5vcmcvMjAwMC9zdmciPjwvc3ZnPg==\" class=\"lazyload\" \/><\/figure>\n<figure><img decoding=\"async\" data-src=\"https:\/\/www.clickpb.com.br\/media\/filer_public\/8b\/98\/8b98bfa2-a958-4e67-89d9-01f3943a2903\/projeto_liberdade_expressao_escolas_da_paraiba_-_alpb_aprovacao_041218-2.jpg\" data-image=\"108164\" src=\"data:image\/svg+xml;base64,PHN2ZyB3aWR0aD0iMSIgaGVpZ2h0PSIxIiB4bWxucz0iaHR0cDovL3d3dy53My5vcmcvMjAwMC9zdmciPjwvc3ZnPg==\" class=\"lazyload\" \/><\/figure>\n<figure><img decoding=\"async\" data-src=\"https:\/\/www.clickpb.com.br\/media\/filer_public\/c6\/7f\/c67ffb0a-4641-4f9b-a264-6cc7cd34c906\/projeto_liberdade_expressao_escolas_da_paraiba_-_alpb_aprovacao_041218-6.jpg\" data-image=\"108165\" src=\"data:image\/svg+xml;base64,PHN2ZyB3aWR0aD0iMSIgaGVpZ2h0PSIxIiB4bWxucz0iaHR0cDovL3d3dy53My5vcmcvMjAwMC9zdmciPjwvc3ZnPg==\" class=\"lazyload\" \/><\/figure>\n<figure><img decoding=\"async\" data-src=\"https:\/\/www.clickpb.com.br\/media\/filer_public\/74\/d5\/74d58caa-9679-4ad3-b427-1a5cf9951237\/projeto_liberdade_expressao_escolas_da_paraiba_-_alpb_aprovacao_041218-7.jpg\" data-image=\"108166\" src=\"data:image\/svg+xml;base64,PHN2ZyB3aWR0aD0iMSIgaGVpZ2h0PSIxIiB4bWxucz0iaHR0cDovL3d3dy53My5vcmcvMjAwMC9zdmciPjwvc3ZnPg==\" class=\"lazyload\" \/><a href=\"https:\/\/www.clickpb.com.br\/media\/filer_public\/9f\/cc\/9fcc9dea-fc08-42c0-a38a-e4c57e619e94\/projeto_liberdade_expressao_escolas_da_paraiba_-_alpb_aprovacao_041218.pdf\" data-file=\"\">Veja o Projeto de Lei do Governo do Estado para a liberdade de express\u00f5es nas escolas da Para\u00edba<\/a><\/figure>\n","protected":false},"excerpt":{"rendered":"<p>A Assembleia Legislativa da Para\u00edba (ALPB) aprovou o Projeto de Lei (PL) do Governo do Estado que disp\u00f5e sobre a liberdade de expressar pensamentos e&hellip; <\/p>\n","protected":false},"author":1,"featured_media":38050,"comment_status":"closed","ping_status":"closed","sticky":false,"template":"","format":"standard","meta":{"sfsi_plus_gutenberg_text_before_share":"","sfsi_plus_gutenberg_show_text_before_share":"","sfsi_plus_gutenberg_icon_type":"","sfsi_plus_gutenberg_icon_alignemt":"","sfsi_plus_gutenburg_max_per_row":"","footnotes":""},"categories":[50,14],"tags":[],"class_list":["post-75322","post","type-post","status-publish","format-standard","has-post-thumbnail","hentry","category-destaque","category-educacao"],"_links":{"self":[{"href":"https:\/\/www.caririemacao.com\/1\/wp-json\/wp\/v2\/posts\/75322","targetHints":{"allow":["GET"]}}],"collection":[{"href":"https:\/\/www.caririemacao.com\/1\/wp-json\/wp\/v2\/posts"}],"about":[{"href":"https:\/\/www.caririemacao.com\/1\/wp-json\/wp\/v2\/types\/post"}],"author":[{"embeddable":true,"href":"https:\/\/www.caririemacao.com\/1\/wp-json\/wp\/v2\/users\/1"}],"replies":[{"embeddable":true,"href":"https:\/\/www.caririemacao.com\/1\/wp-json\/wp\/v2\/comments?post=75322"}],"version-history":[{"count":1,"href":"https:\/\/www.caririemacao.com\/1\/wp-json\/wp\/v2\/posts\/75322\/revisions"}],"predecessor-version":[{"id":75323,"href":"https:\/\/www.caririemacao.com\/1\/wp-json\/wp\/v2\/posts\/75322\/revisions\/75323"}],"wp:featuredmedia":[{"embeddable":true,"href":"https:\/\/www.caririemacao.com\/1\/wp-json\/wp\/v2\/media\/38050"}],"wp:attachment":[{"href":"https:\/\/www.caririemacao.com\/1\/wp-json\/wp\/v2\/media?parent=75322"}],"wp:term":[{"taxonomy":"category","embeddable":true,"href":"https:\/\/www.caririemacao.com\/1\/wp-json\/wp\/v2\/categories?post=75322"},{"taxonomy":"post_tag","embeddable":true,"href":"https:\/\/www.caririemacao.com\/1\/wp-json\/wp\/v2\/tags?post=75322"}],"curies":[{"name":"wp","href":"https:\/\/api.w.org\/{rel}","templated":true}]}}