{"id":75324,"date":"2018-12-04T14:14:04","date_gmt":"2018-12-04T17:14:04","guid":{"rendered":"http:\/\/www.caririemacao.com\/1\/?p=75324"},"modified":"2018-12-04T14:14:04","modified_gmt":"2018-12-04T17:14:04","slug":"celulares-irregulares-na-paraiba-serao-bloqueados-a-partir-de-marco-de-2019","status":"publish","type":"post","link":"https:\/\/www.caririemacao.com\/1\/2018\/12\/04\/celulares-irregulares-na-paraiba-serao-bloqueados-a-partir-de-marco-de-2019\/","title":{"rendered":"Celulares irregulares na Para\u00edba ser\u00e3o bloqueados a partir de mar\u00e7o de 2019"},"content":{"rendered":"<p>Os telefones celulares irregulares no estado da Para\u00edba come\u00e7ar\u00e3o a ser bloqueados no dia 24 de mar\u00e7o de 2019, de acordo com informa\u00e7\u00f5es da Ag\u00eancia Nacional de Telecomunica\u00e7\u00f5es (Anatel). A partir de 7 de janeiro de 2019 ser\u00e3o enviadas mensagens informando o bloqueio dos celulares.<\/p>\n<p>Com esta medida a Anatel pretende combater o uso de celulares falsificados ou com IMEI adulterado e inibe a comercializa\u00e7\u00e3o de aparelhos n\u00e3o homologados no pa\u00eds.<\/p>\n<p>J\u00e1 a partir deste s\u00e1bado (08), devem come\u00e7ar os bloqueios de celulares irregulares nos estados do Acre, Esp\u00edrito Santo, Mato Grosso, Mato Grosso do Sul, Paran\u00e1, Rio de Janeiro, Rio Grande do Sul, Rond\u00f4nia, Santa Catarina e Tocantins.<\/p>\n<p>Nesses estados, desde 23 de setembro, quem ativa um celular irregular nas redes das prestadoras m\u00f3veis recebe em at\u00e9 24 horas a mensagem: \u201cOperadora avisa: Pela Lei 9.472 este celular est\u00e1 irregular e n\u00e3o funcionar\u00e1 nas redes celulares em 75 dias\u201d. Alerta similar \u00e9 encaminhado 50 dias e 25 dias antes do bloqueio. E, na v\u00e9spera do bloqueio, o celular recebe a mensagem: \u201cOperadora avisa: Este celular IMEI XXXXXXXXXXXXXXX \u00e9 irregular e deixar\u00e1 de funcionar nas redes celulares\u201d. O IMEI \u00e9 um c\u00f3digo composto por 15 n\u00fameros utilizado internacionalmente que permite identificar a marca e modelo do aparelho. Todas as mensagens s\u00e3o enviadas pelo n\u00famero 2828.<\/p>\n<p>Ciente da irregularidade do celular, o usu\u00e1rio do servi\u00e7o m\u00f3vel deve procurar a empresa ou pessoa que vendeu o aparelho e buscar seus direitos como consumidor. Entre os celulares irregulares a serem bloqueados, h\u00e1 aparelhos que n\u00e3o oferecerem a qualidade e seguran\u00e7a exigidas pela regulamenta\u00e7\u00e3o brasileira. No Distrito Federal e no estado de Goi\u00e1s, onde o bloqueio est\u00e1 implantado desde maio deste ano, j\u00e1 foram exclu\u00eddos das redes das prestadoras m\u00f3veis 103 mil celulares irregulares.<\/p>\n<p>Bloqueio por roubo, furto ou perda \u2013 Al\u00e9m do bloqueio de celulares irregulares que est\u00e1 em implanta\u00e7\u00e3o no pa\u00eds, o propriet\u00e1rio de um aparelho roubado, furtado ou perdido no territ\u00f3rio brasileiro pode solicitar, desde 2002, o bloqueio do celular junto \u00e0 prestadora m\u00f3vel ou secretarias de seguran\u00e7a de estados conveniados com o Cadastro de Esta\u00e7\u00f5es M\u00f3veis Impedidas regulado pela Anatel. \u00c9 poss\u00edvel bloquear o aparelho apenas com o n\u00famero da linha e confirma\u00e7\u00e3o dos dados pessoais.<\/p>\n","protected":false},"excerpt":{"rendered":"<p>Os telefones celulares irregulares no estado da Para\u00edba come\u00e7ar\u00e3o a ser bloqueados no dia 24 de mar\u00e7o de 2019, de acordo com informa\u00e7\u00f5es da Ag\u00eancia&hellip; <\/p>\n","protected":false},"author":1,"featured_media":25218,"comment_status":"closed","ping_status":"closed","sticky":false,"template":"","format":"standard","meta":{"sfsi_plus_gutenberg_text_before_share":"","sfsi_plus_gutenberg_show_text_before_share":"","sfsi_plus_gutenberg_icon_type":"","sfsi_plus_gutenberg_icon_alignemt":"","sfsi_plus_gutenburg_max_per_row":"","footnotes":""},"categories":[2],"tags":[],"class_list":["post-75324","post","type-post","status-publish","format-standard","has-post-thumbnail","hentry","category-geral"],"_links":{"self":[{"href":"https:\/\/www.caririemacao.com\/1\/wp-json\/wp\/v2\/posts\/75324","targetHints":{"allow":["GET"]}}],"collection":[{"href":"https:\/\/www.caririemacao.com\/1\/wp-json\/wp\/v2\/posts"}],"about":[{"href":"https:\/\/www.caririemacao.com\/1\/wp-json\/wp\/v2\/types\/post"}],"author":[{"embeddable":true,"href":"https:\/\/www.caririemacao.com\/1\/wp-json\/wp\/v2\/users\/1"}],"replies":[{"embeddable":true,"href":"https:\/\/www.caririemacao.com\/1\/wp-json\/wp\/v2\/comments?post=75324"}],"version-history":[{"count":1,"href":"https:\/\/www.caririemacao.com\/1\/wp-json\/wp\/v2\/posts\/75324\/revisions"}],"predecessor-version":[{"id":75325,"href":"https:\/\/www.caririemacao.com\/1\/wp-json\/wp\/v2\/posts\/75324\/revisions\/75325"}],"wp:featuredmedia":[{"embeddable":true,"href":"https:\/\/www.caririemacao.com\/1\/wp-json\/wp\/v2\/media\/25218"}],"wp:attachment":[{"href":"https:\/\/www.caririemacao.com\/1\/wp-json\/wp\/v2\/media?parent=75324"}],"wp:term":[{"taxonomy":"category","embeddable":true,"href":"https:\/\/www.caririemacao.com\/1\/wp-json\/wp\/v2\/categories?post=75324"},{"taxonomy":"post_tag","embeddable":true,"href":"https:\/\/www.caririemacao.com\/1\/wp-json\/wp\/v2\/tags?post=75324"}],"curies":[{"name":"wp","href":"https:\/\/api.w.org\/{rel}","templated":true}]}}