{"id":75326,"date":"2018-12-04T14:18:11","date_gmt":"2018-12-04T17:18:11","guid":{"rendered":"http:\/\/www.caririemacao.com\/1\/?p=75326"},"modified":"2018-12-04T14:18:11","modified_gmt":"2018-12-04T17:18:11","slug":"joao-azevedo-e-governadores-do-nordeste-se-reunem-em-brasilia-para-debater-pautas-da-regiao","status":"publish","type":"post","link":"https:\/\/www.caririemacao.com\/1\/2018\/12\/04\/joao-azevedo-e-governadores-do-nordeste-se-reunem-em-brasilia-para-debater-pautas-da-regiao\/","title":{"rendered":"Jo\u00e3o Azev\u00eado e governadores do Nordeste se re\u00fanem em Bras\u00edlia para debater pautas da regi\u00e3o"},"content":{"rendered":"<p>Os governadores eleitos do Norte e Nordeste est\u00e3o reunidos neste momento em Bras\u00edlia debatendo as pautas priorit\u00e1rias da regi\u00e3o. Jo\u00e3o Azev\u00eado est\u00e1 reunido com os demais governadores na representa\u00e7\u00e3o do Cear\u00e1 em Bras\u00edlia nesta ter\u00e7a-feira (04). Eles est\u00e3o debatendo entre si as pautas priorit\u00e1rias para os estados e para as regi\u00f5es.<\/p>\n<p>A inten\u00e7\u00e3o da ida dos governadores \u00e0 Bras\u00edlia \u00e9 acompanhar de perto as vota\u00e7\u00f5es sobre securitiza\u00e7\u00e3o da d\u00edvida ativa e a regula\u00e7\u00e3o da cess\u00e3o onerosa de g\u00e1s e petr\u00f3leo.<\/p>\n<p>Eles tamb\u00e9m pretendem ter uma reuni\u00e3o com o ministro Ricardo Lewandowski, do Supremo Tribunal Federal (STF), para conversar sobre os fundos partid\u00e1rios dos estados e munic\u00edpios.<\/p>\n<p>Outra reuni\u00e3o dos governadores est\u00e1 marcada para o dia 12 de dezembro, mas desta vez com o indicado a ministro da Justi\u00e7a do governo Bolsonaro, S\u00e9rgio Moro, para tratar sobre seguran\u00e7a p\u00fablica.<\/p>\n<p>&nbsp;<\/p>\n<p>ClickPB<\/p>\n","protected":false},"excerpt":{"rendered":"<p>Os governadores eleitos do Norte e Nordeste est\u00e3o reunidos neste momento em Bras\u00edlia debatendo as pautas priorit\u00e1rias da regi\u00e3o. Jo\u00e3o Azev\u00eado est\u00e1 reunido com os&hellip; <\/p>\n","protected":false},"author":1,"featured_media":75327,"comment_status":"closed","ping_status":"closed","sticky":false,"template":"","format":"standard","meta":{"sfsi_plus_gutenberg_text_before_share":"","sfsi_plus_gutenberg_show_text_before_share":"","sfsi_plus_gutenberg_icon_type":"","sfsi_plus_gutenberg_icon_alignemt":"","sfsi_plus_gutenburg_max_per_row":"","footnotes":""},"categories":[11],"tags":[],"class_list":["post-75326","post","type-post","status-publish","format-standard","has-post-thumbnail","hentry","category-politica"],"_links":{"self":[{"href":"https:\/\/www.caririemacao.com\/1\/wp-json\/wp\/v2\/posts\/75326","targetHints":{"allow":["GET"]}}],"collection":[{"href":"https:\/\/www.caririemacao.com\/1\/wp-json\/wp\/v2\/posts"}],"about":[{"href":"https:\/\/www.caririemacao.com\/1\/wp-json\/wp\/v2\/types\/post"}],"author":[{"embeddable":true,"href":"https:\/\/www.caririemacao.com\/1\/wp-json\/wp\/v2\/users\/1"}],"replies":[{"embeddable":true,"href":"https:\/\/www.caririemacao.com\/1\/wp-json\/wp\/v2\/comments?post=75326"}],"version-history":[{"count":1,"href":"https:\/\/www.caririemacao.com\/1\/wp-json\/wp\/v2\/posts\/75326\/revisions"}],"predecessor-version":[{"id":75328,"href":"https:\/\/www.caririemacao.com\/1\/wp-json\/wp\/v2\/posts\/75326\/revisions\/75328"}],"wp:featuredmedia":[{"embeddable":true,"href":"https:\/\/www.caririemacao.com\/1\/wp-json\/wp\/v2\/media\/75327"}],"wp:attachment":[{"href":"https:\/\/www.caririemacao.com\/1\/wp-json\/wp\/v2\/media?parent=75326"}],"wp:term":[{"taxonomy":"category","embeddable":true,"href":"https:\/\/www.caririemacao.com\/1\/wp-json\/wp\/v2\/categories?post=75326"},{"taxonomy":"post_tag","embeddable":true,"href":"https:\/\/www.caririemacao.com\/1\/wp-json\/wp\/v2\/tags?post=75326"}],"curies":[{"name":"wp","href":"https:\/\/api.w.org\/{rel}","templated":true}]}}