{"id":75334,"date":"2018-12-04T14:25:17","date_gmt":"2018-12-04T17:25:17","guid":{"rendered":"http:\/\/www.caririemacao.com\/1\/?p=75334"},"modified":"2018-12-04T14:25:17","modified_gmt":"2018-12-04T17:25:17","slug":"megaoperacao-contra-o-crime-organizado-prende-19-pessoas-na-paraiba-relacionadas-a-faccao","status":"publish","type":"post","link":"https:\/\/www.caririemacao.com\/1\/2018\/12\/04\/megaoperacao-contra-o-crime-organizado-prende-19-pessoas-na-paraiba-relacionadas-a-faccao\/","title":{"rendered":"Megaopera\u00e7\u00e3o contra o crime organizado prende 19 pessoas na Para\u00edba relacionadas a fac\u00e7\u00e3o"},"content":{"rendered":"<p>Pelo menos 19 pessoas j\u00e1 foram presas na Para\u00edba suspeitas de liga\u00e7\u00e3o com fac\u00e7\u00e3o criminosa especializada no tr\u00e1fico de drogas desde o in\u00edcio desta ter\u00e7a-feira (04). Uma megaopera\u00e7\u00e3o deflagrada\u00a0na Para\u00edba e em mais 14 estados do pa\u00eds busca desarticular organiza\u00e7\u00f5es criminosas. Dez Grupos de Atua\u00e7\u00e3o Especial Contra o Crime Organizado (GAECOs) do Minist\u00e9rio P\u00fablico participam da opera\u00e7\u00e3o.<\/p>\n<p>Na Para\u00edba est\u00e3o previstos o cumprimento de 33 mandados de pris\u00e3o e tr\u00eas mandados de busca e apreens\u00e3o.\u00a0Est\u00e1 marcada uma coletiva de imprensa \u00e0s 10h na Central de Pol\u00edcia Civil, no bairro do Geisel, para apresenta\u00e7\u00e3o dos resultados da opera\u00e7\u00e3o na Para\u00edba.<\/p>\n<p>A coordena\u00e7\u00e3o da opera\u00e7\u00e3o \u00e9 feita pelo Grupo Nacional de Combate \u00e0s Organiza\u00e7\u00f5es Criminosas (GNOC), criado para combater o crime organizado no pa\u00eds.\u00a0Na Para\u00edba, a a\u00e7\u00e3o \u00e9 feita em conjunto pelo Grupo de Atua\u00e7\u00e3o Especial Contra do Crime Organizado do Minist\u00e9rio P\u00fablico da Para\u00edba (Gaeco\/MPPB) e a Delegacia de Repress\u00e3o a Entorpecentes da Pol\u00edcia Civil da Para\u00edba (DRE\/PC-PB).<\/p>\n<p>Na Para\u00edba, o principal alvo \u00e9 a fac\u00e7\u00e3o OKAIDA RB, uma dissid\u00eancia da OKAIDA. Al\u00e9m da organiza\u00e7\u00e3o criminosa na Para\u00edba, os alvos s\u00e3o integrantes das fac\u00e7\u00f5es criminosas: Primeiro Comando da Capital (PCC), de origem paulista, das cariocas Comando Vermelho (CV), Terceiro Comando Puro (TCP) e Amigo dos Amigos (ADA), da capixaba Primeiro Comando de Vit\u00f3ria (PCV).<\/p>\n<p>Ao todo, devem ser cumpridos 266 mandados de pris\u00e3o e 203 de busca e apreens\u00e3o no Acre, Alagoas, Distrito Federal, Esp\u00edrito Santo, Goi\u00e1s, Mato Grosso do Sul, Pernambuco, Para\u00edba, Paran\u00e1, Rio de Janeiro, Roraima, Rio Grande do Sul, Santa Catarina, S\u00e3o Paulo e Tocantins.<\/p>\n<p>Em S\u00e3o Paulo, s\u00e3o 59 mandados de pris\u00e3o e 10 de busca e apreens\u00e3o contra integrantes do PCC. A a\u00e7\u00e3o ocorre em Americana, Aruj\u00e1, Cerquilho, Guarulhos, Hortol\u00e2ndia, Jaboticabal, Limeira, Moji das Cruzes, Piracicaba, Ribeir\u00e3o Preto, Rio das Pedras e Santa B\u00e1rbara D\u2019Oeste, e contam com o apoio das Pol\u00edcias Militar e Civil.<\/p>\n<p>No Tocantins, ainda \u00e9 feita inspe\u00e7\u00e3o na Casa de Pris\u00e3o Provis\u00f3ria de Palmas, com o objetivo apreender armas, drogas, explosivos, aparelhos de comunica\u00e7\u00e3o m\u00f3vel e cadastros de faccionados.<\/p>\n<p>&nbsp;<\/p>\n<p>ClickPB<\/p>\n","protected":false},"excerpt":{"rendered":"<p>Pelo menos 19 pessoas j\u00e1 foram presas na Para\u00edba suspeitas de liga\u00e7\u00e3o com fac\u00e7\u00e3o criminosa especializada no tr\u00e1fico de drogas desde o in\u00edcio desta ter\u00e7a-feira&hellip; <\/p>\n","protected":false},"author":1,"featured_media":49776,"comment_status":"closed","ping_status":"closed","sticky":false,"template":"","format":"standard","meta":{"sfsi_plus_gutenberg_text_before_share":"","sfsi_plus_gutenberg_show_text_before_share":"","sfsi_plus_gutenberg_icon_type":"","sfsi_plus_gutenberg_icon_alignemt":"","sfsi_plus_gutenburg_max_per_row":"","footnotes":""},"categories":[12],"tags":[],"class_list":["post-75334","post","type-post","status-publish","format-standard","has-post-thumbnail","hentry","category-policia"],"_links":{"self":[{"href":"https:\/\/www.caririemacao.com\/1\/wp-json\/wp\/v2\/posts\/75334","targetHints":{"allow":["GET"]}}],"collection":[{"href":"https:\/\/www.caririemacao.com\/1\/wp-json\/wp\/v2\/posts"}],"about":[{"href":"https:\/\/www.caririemacao.com\/1\/wp-json\/wp\/v2\/types\/post"}],"author":[{"embeddable":true,"href":"https:\/\/www.caririemacao.com\/1\/wp-json\/wp\/v2\/users\/1"}],"replies":[{"embeddable":true,"href":"https:\/\/www.caririemacao.com\/1\/wp-json\/wp\/v2\/comments?post=75334"}],"version-history":[{"count":1,"href":"https:\/\/www.caririemacao.com\/1\/wp-json\/wp\/v2\/posts\/75334\/revisions"}],"predecessor-version":[{"id":75335,"href":"https:\/\/www.caririemacao.com\/1\/wp-json\/wp\/v2\/posts\/75334\/revisions\/75335"}],"wp:featuredmedia":[{"embeddable":true,"href":"https:\/\/www.caririemacao.com\/1\/wp-json\/wp\/v2\/media\/49776"}],"wp:attachment":[{"href":"https:\/\/www.caririemacao.com\/1\/wp-json\/wp\/v2\/media?parent=75334"}],"wp:term":[{"taxonomy":"category","embeddable":true,"href":"https:\/\/www.caririemacao.com\/1\/wp-json\/wp\/v2\/categories?post=75334"},{"taxonomy":"post_tag","embeddable":true,"href":"https:\/\/www.caririemacao.com\/1\/wp-json\/wp\/v2\/tags?post=75334"}],"curies":[{"name":"wp","href":"https:\/\/api.w.org\/{rel}","templated":true}]}}