{"id":75336,"date":"2018-12-04T14:27:26","date_gmt":"2018-12-04T17:27:26","guid":{"rendered":"http:\/\/www.caririemacao.com\/1\/?p=75336"},"modified":"2018-12-04T14:27:26","modified_gmt":"2018-12-04T17:27:26","slug":"ifpb-divulga-resultado-preliminar-do-processo-seletivo-dos-cursos-tecnicos%e2%80%8b","status":"publish","type":"post","link":"https:\/\/www.caririemacao.com\/1\/2018\/12\/04\/ifpb-divulga-resultado-preliminar-do-processo-seletivo-dos-cursos-tecnicos%e2%80%8b\/","title":{"rendered":"IFPB divulga resultado preliminar do processo seletivo dos cursos t\u00e9cnicos\u200b"},"content":{"rendered":"<p>O Instituto Federal de Educa\u00e7\u00e3o, Ci\u00eancia e Tecnologia da Para\u00edba (IFPB) divulgou nesta segunda-feira (03),\u00a0o resultado preliminar dos\u00a0candidatos inscritos no processo seletivos de cursos t\u00e9cnicos.<\/p>\n<p>Ao todo, s\u00e3o quatro editais que\u00a0somam 3.565 vagas, em 20 campi do instituto, distribu\u00eddos entre 18 munic\u00edpios do estado, para o per\u00edodo letivo 2019.1.<\/p>\n<p><a href=\"https:\/\/estudante.ifpb.edu.br\/editais\/77\/RESULTADO\/view\" target=\"true\">Confira os resultados<\/a><\/p>\n<p>As oportunidades est\u00e3o divididas em duas modalidades: ensino m\u00e9dio integrado ao t\u00e9cnico, voltada para quem concluiu o n\u00edvel fundamental, e ensino t\u00e9cnico subsequente, para aqueles que j\u00e1 terminaram o n\u00edvel m\u00e9dio.<\/p>\n<p><a href=\"https:\/\/estudante.ifpb.edu.br\/editais\/79\/RESULTADO\/view\" target=\"true\">Resultado para os cursos t\u00e9cnicos subsequentes<\/a><\/p>\n<p>Tamb\u00e9m s\u00e3o quatro editais para o resultado final. Um com o resultado para o curso de instrumento musical nos campi Jo\u00e3o Pessoa e Monteiro, outro para o resultados nos campis de Cabedelo, Cabedelo Centro, Cajazeiras, Catol\u00e9 do Rocha, Esperan\u00e7a, Guarabira, Itabaiana, Itaporanga, Jo\u00e3o Pessoa, Monteiro, Patos, Picu\u00ed, Princesa Isabel, Santa Luzia, Santa Rita e Sousa.<\/p>\n<p><a href=\"https:\/\/estudante.ifpb.edu.br\/editais\/80\/RESULTADO\/view\" target=\"true\">Resultado para instrumento de m\u00fasica<\/a><\/p>\n<p>Tamb\u00e9m h\u00e1 um edital espec\u00edfico para o resultado dos candidatos inscritos para os cursos t\u00e9cnicos subsequentes nos campi Areia, Cabedelo, Cabedelo Centro, Cajazeiras, Campina Grande, Esperan\u00e7a, Jo\u00e3o Pessoa, Jo\u00e3o Pessoa\/Mangabeira, Patos, Picu\u00ed, Princesa Isabel, Santa Luzia, Soledade e Sousa; e outro resultado para os candidatos a vagas no campus Campina Grande.<\/p>\n<p><a href=\"https:\/\/estudante.ifpb.edu.br\/editais\/78\/RESULTADO\/view\" target=\"true\">Resultado dos cursos integrados de Campina Grande<\/a><\/p>\n","protected":false},"excerpt":{"rendered":"<p>O Instituto Federal de Educa\u00e7\u00e3o, Ci\u00eancia e Tecnologia da Para\u00edba (IFPB) divulgou nesta segunda-feira (03),\u00a0o resultado preliminar dos\u00a0candidatos inscritos no processo seletivos de cursos t\u00e9cnicos.&hellip; <\/p>\n","protected":false},"author":1,"featured_media":41431,"comment_status":"closed","ping_status":"closed","sticky":false,"template":"","format":"standard","meta":{"sfsi_plus_gutenberg_text_before_share":"","sfsi_plus_gutenberg_show_text_before_share":"","sfsi_plus_gutenberg_icon_type":"","sfsi_plus_gutenberg_icon_alignemt":"","sfsi_plus_gutenburg_max_per_row":"","footnotes":""},"categories":[14],"tags":[],"class_list":["post-75336","post","type-post","status-publish","format-standard","has-post-thumbnail","hentry","category-educacao"],"_links":{"self":[{"href":"https:\/\/www.caririemacao.com\/1\/wp-json\/wp\/v2\/posts\/75336","targetHints":{"allow":["GET"]}}],"collection":[{"href":"https:\/\/www.caririemacao.com\/1\/wp-json\/wp\/v2\/posts"}],"about":[{"href":"https:\/\/www.caririemacao.com\/1\/wp-json\/wp\/v2\/types\/post"}],"author":[{"embeddable":true,"href":"https:\/\/www.caririemacao.com\/1\/wp-json\/wp\/v2\/users\/1"}],"replies":[{"embeddable":true,"href":"https:\/\/www.caririemacao.com\/1\/wp-json\/wp\/v2\/comments?post=75336"}],"version-history":[{"count":1,"href":"https:\/\/www.caririemacao.com\/1\/wp-json\/wp\/v2\/posts\/75336\/revisions"}],"predecessor-version":[{"id":75337,"href":"https:\/\/www.caririemacao.com\/1\/wp-json\/wp\/v2\/posts\/75336\/revisions\/75337"}],"wp:featuredmedia":[{"embeddable":true,"href":"https:\/\/www.caririemacao.com\/1\/wp-json\/wp\/v2\/media\/41431"}],"wp:attachment":[{"href":"https:\/\/www.caririemacao.com\/1\/wp-json\/wp\/v2\/media?parent=75336"}],"wp:term":[{"taxonomy":"category","embeddable":true,"href":"https:\/\/www.caririemacao.com\/1\/wp-json\/wp\/v2\/categories?post=75336"},{"taxonomy":"post_tag","embeddable":true,"href":"https:\/\/www.caririemacao.com\/1\/wp-json\/wp\/v2\/tags?post=75336"}],"curies":[{"name":"wp","href":"https:\/\/api.w.org\/{rel}","templated":true}]}}