{"id":75338,"date":"2018-12-04T14:36:45","date_gmt":"2018-12-04T17:36:45","guid":{"rendered":"http:\/\/www.caririemacao.com\/1\/?p=75338"},"modified":"2018-12-04T14:36:45","modified_gmt":"2018-12-04T17:36:45","slug":"em-voo-lewandowski-se-irrita-com-critica-e-pede-prisao-de-homem-veja-video","status":"publish","type":"post","link":"https:\/\/www.caririemacao.com\/1\/2018\/12\/04\/em-voo-lewandowski-se-irrita-com-critica-e-pede-prisao-de-homem-veja-video\/","title":{"rendered":"Em voo, Lewandowski se irrita com cr\u00edtica e pede pris\u00e3o de homem: VEJA V\u00cdDEO"},"content":{"rendered":"<h4 class=\"txt-gray mb-0\">O ministro do STF Ricardo Lewandowski n\u00e3o gostou de ouvir do passageiro que \u2018o STF \u00e9 uma vergonha\u2019, e solicitou a presen\u00e7a da Pol\u00edcia Federal na aeronave<\/h4>\n<div>O ministro do Supremo Tribunal Federal (STF) Ricardo Lewandowski se irritou nesta ter\u00e7a-feira (4\/12), durante um voo, com um passageiro que criticou a Corte e o amea\u00e7ou de pris\u00e3o.<\/div>\n<div><\/div>\n<div>Em um v\u00eddeo ao qual o\u00a0<strong>Correio<\/strong>\u00a0teve acesso, feito de dentro da aeronave, Lewandowski \u00e9 visto na primeira fila do avi\u00e3o, olhando seu celular. Ouve-se, ent\u00e3o, uma voz dizer: \u201cMinistro Lewandowski, o Supremo \u00e9 uma vergonha, viu? Eu tenho vergonha de ser brasileiro quando vejo voc\u00eas\u201d.<\/div>\n<div><\/div>\n<div>Lewandowski fica claramente incomodado e se dirige ao homem. \u201cVoc\u00ea quer ser preso?\u201d, pergunta, virando-se, em seguida, para um comiss\u00e1rio de bordo e pedindo a presen\u00e7a da Pol\u00edcia Federal no voo. O homem, ent\u00e3o, retruca: \u201cEu n\u00e3o posso me expressar? Chama a Pol\u00edcia Federal, ent\u00e3o\u201d.<\/div>\n<div><\/div>\n<div>Segundo pessoas que estavam no voo, que fazia a linha S\u00e3o Paulo\u2014Bras\u00edlia, nenhuma pris\u00e3o foi feita. O\u00a0<strong>Correio<\/strong>\u00a0ainda tenta contato com o autor das cr\u00edticas e com o ministro Lewandowski.<\/div>\n<p>&nbsp;<\/p>\n<div class=\"embed-responsive embed-responsive-16by9\"><iframe data-src=\"https:\/\/www.youtube.com\/embed\/trIIobwgO5I?feature=oembed\" width=\"500\" height=\"375\" frameborder=\"0\" allowfullscreen=\"allowfullscreen\" data-mce-fragment=\"1\" src=\"data:image\/svg+xml;base64,PHN2ZyB3aWR0aD0iMSIgaGVpZ2h0PSIxIiB4bWxucz0iaHR0cDovL3d3dy53My5vcmcvMjAwMC9zdmciPjwvc3ZnPg==\" class=\"lazyload\" data-load-mode=\"1\"><\/iframe><\/div>\n<div><a class=\"uee9b923755f3355dc699fb38cc942791\" href=\"http:\/\/www.polemicaparaiba.com.br\/entretenimento\/susana-vieira-conta-que-ja-fez-sexo-com-desconhecido-no-aviao\/\" target=\"_blank\" rel=\"noopener\">\u00a0<\/a><\/div>\n","protected":false},"excerpt":{"rendered":"<p>O ministro do STF Ricardo Lewandowski n\u00e3o gostou de ouvir do passageiro que \u2018o STF \u00e9 uma vergonha\u2019, e solicitou a presen\u00e7a da Pol\u00edcia Federal&hellip; <\/p>\n","protected":false},"author":1,"featured_media":21655,"comment_status":"closed","ping_status":"closed","sticky":false,"template":"","format":"standard","meta":{"sfsi_plus_gutenberg_text_before_share":"","sfsi_plus_gutenberg_show_text_before_share":"","sfsi_plus_gutenberg_icon_type":"","sfsi_plus_gutenberg_icon_alignemt":"","sfsi_plus_gutenburg_max_per_row":"","footnotes":""},"categories":[11],"tags":[],"class_list":["post-75338","post","type-post","status-publish","format-standard","has-post-thumbnail","hentry","category-politica"],"_links":{"self":[{"href":"https:\/\/www.caririemacao.com\/1\/wp-json\/wp\/v2\/posts\/75338","targetHints":{"allow":["GET"]}}],"collection":[{"href":"https:\/\/www.caririemacao.com\/1\/wp-json\/wp\/v2\/posts"}],"about":[{"href":"https:\/\/www.caririemacao.com\/1\/wp-json\/wp\/v2\/types\/post"}],"author":[{"embeddable":true,"href":"https:\/\/www.caririemacao.com\/1\/wp-json\/wp\/v2\/users\/1"}],"replies":[{"embeddable":true,"href":"https:\/\/www.caririemacao.com\/1\/wp-json\/wp\/v2\/comments?post=75338"}],"version-history":[{"count":1,"href":"https:\/\/www.caririemacao.com\/1\/wp-json\/wp\/v2\/posts\/75338\/revisions"}],"predecessor-version":[{"id":75339,"href":"https:\/\/www.caririemacao.com\/1\/wp-json\/wp\/v2\/posts\/75338\/revisions\/75339"}],"wp:featuredmedia":[{"embeddable":true,"href":"https:\/\/www.caririemacao.com\/1\/wp-json\/wp\/v2\/media\/21655"}],"wp:attachment":[{"href":"https:\/\/www.caririemacao.com\/1\/wp-json\/wp\/v2\/media?parent=75338"}],"wp:term":[{"taxonomy":"category","embeddable":true,"href":"https:\/\/www.caririemacao.com\/1\/wp-json\/wp\/v2\/categories?post=75338"},{"taxonomy":"post_tag","embeddable":true,"href":"https:\/\/www.caririemacao.com\/1\/wp-json\/wp\/v2\/tags?post=75338"}],"curies":[{"name":"wp","href":"https:\/\/api.w.org\/{rel}","templated":true}]}}